{"id":15289,"date":"2026-09-06T14:09:28","date_gmt":"2026-09-06T12:09:28","guid":{"rendered":"https:\/\/reken-erleben.de\/?p=15289"},"modified":"2026-09-06T14:22:09","modified_gmt":"2026-09-06T12:22:09","slug":"akkordeon-total-in-der-st-antonius-kirche","status":"publish","type":"post","link":"https:\/\/reken-erleben.de\/?p=15289","title":{"rendered":"&#8222;Akkordeon total&#8220; in der St. Antonius Kirche"},"content":{"rendered":"\n<p><strong>06.09.2026 Klein Reken <\/strong>(pm). Der F\u00f6rderverein St. Antonius und die Kirchengemeinde St. Heinrich laden herzlich zum Akkordeon-Solokonzert\u00a0&#8222;Das Musikinstrument des Jahres 2026! Akkordeon total!&#8220; am Sonntag, 13. September 2026 in der Dorfkirche St. Antonius in Klein-Reken ein. <br>Mit seinem unverwechselbaren Stil und seiner beeindruckenden Technik z\u00e4hlt Alexandre Bytchkov zu den herausragenden K\u00fcnstlern seines Fachs und begeistert Publikum und Kritiker gleicherma\u00dfen.\u00a0Das Konzertprogramm besteht aus Werken, die den meisten Musikliebhabern bekannt sind, wie beispielsweise von J. S. Bach, <em>G.B. Pergolesi, Z. de Abreu,<\/em>\u00a0A. Piazzolla und viele mehr.<\/p>\n\n\n\n<p>Der Eintritt ist frei, Spenden erbeten. <\/p>\n","protected":false},"excerpt":{"rendered":"<p>06.09.2026 Klein Reken (pm). Der F\u00f6rderverein St. Antonius und die Kirchengemeinde St. Heinrich laden herzlich zum Akkordeon-Solokonzert\u00a0&#8222;Das Musikinstrument des Jahres 2026! Akkordeon total!&#8220; am Sonntag, 13. September 2026 in der Dorfkirche St. Antonius in&#46;&#46;&#46;<\/p>\n","protected":false},"author":2,"featured_media":10841,"comment_status":"open","ping_status":"open","sticky":false,"template":"","format":"standard","meta":{"footnotes":""},"categories":[1],"tags":[],"class_list":["post-15289","post","type-post","status-publish","format-standard","has-post-thumbnail","hentry","category-uncategorized"],"_links":{"self":[{"href":"https:\/\/reken-erleben.de\/index.php?rest_route=\/wp\/v2\/posts\/15289","targetHints":{"allow":["GET"]}}],"collection":[{"href":"https:\/\/reken-erleben.de\/index.php?rest_route=\/wp\/v2\/posts"}],"about":[{"href":"https:\/\/reken-erleben.de\/index.php?rest_route=\/wp\/v2\/types\/post"}],"author":[{"embeddable":true,"href":"https:\/\/reken-erleben.de\/index.php?rest_route=\/wp\/v2\/users\/2"}],"replies":[{"embeddable":true,"href":"https:\/\/reken-erleben.de\/index.php?rest_route=%2Fwp%2Fv2%2Fcomments&post=15289"}],"version-history":[{"count":2,"href":"https:\/\/reken-erleben.de\/index.php?rest_route=\/wp\/v2\/posts\/15289\/revisions"}],"predecessor-version":[{"id":15337,"href":"https:\/\/reken-erleben.de\/index.php?rest_route=\/wp\/v2\/posts\/15289\/revisions\/15337"}],"wp:featuredmedia":[{"embeddable":true,"href":"https:\/\/reken-erleben.de\/index.php?rest_route=\/wp\/v2\/media\/10841"}],"wp:attachment":[{"href":"https:\/\/reken-erleben.de\/index.php?rest_route=%2Fwp%2Fv2%2Fmedia&parent=15289"}],"wp:term":[{"taxonomy":"category","embeddable":true,"href":"https:\/\/reken-erleben.de\/index.php?rest_route=%2Fwp%2Fv2%2Fcategories&post=15289"},{"taxonomy":"post_tag","embeddable":true,"href":"https:\/\/reken-erleben.de\/index.php?rest_route=%2Fwp%2Fv2%2Ftags&post=15289"}],"curies":[{"name":"wp","href":"https:\/\/api.w.org\/{rel}","templated":true}]}}