{"id":15123,"date":"2026-09-02T09:37:00","date_gmt":"2026-09-02T07:37:00","guid":{"rendered":"https:\/\/reken-erleben.de\/?p=15123"},"modified":"2026-09-02T09:52:29","modified_gmt":"2026-09-02T07:52:29","slug":"maria-veen-feiert-schuetzenfest","status":"publish","type":"post","link":"https:\/\/reken-erleben.de\/?p=15123","title":{"rendered":"Maria Veen feiert Sch\u00fctzenfest"},"content":{"rendered":"\n<p><strong>31.08.2026 Maria Veen<\/strong> (bli). Am kommenden Wochenende vom 05. Bis 07. September 2026 feiert der Allgemeine B\u00fcrgersch\u00fctzenverein Middelbauerschaft Maria Veen sein traditionelles Sch\u00fctzenfest.<\/p>\n\n\n\n<p>Erstmalig steht das Festzelt auf dem Sch\u00fctzenfestplatz gegen\u00fcber dem Gymnasium der Mariannhiller Missionare Maria Veen.&nbsp;<\/p>\n\n\n\n<p>Am Samstag um 14 Uhr l\u00e4dt der Verein zum Er\u00f6ffnungskaffee mit Rahmenprogramm ein. Ab 17 Uhr hei\u00dft es f\u00fcr die Sch\u00fctzen Antreten im Festzelt zum anschlie\u00dfenden Gro\u00dfen Zapfenstreich. Abends findet das gro\u00dfe Zeltfest statt.<\/p>\n\n\n\n<p>Der Sonntag beginnt morgens mit einem Gottesdienst sowie dem St\u00e4ndchen am Pflegewohnheim des Haus Maria Veen. Beim Fr\u00fchschoppen werden die Sch\u00fctzenbr\u00fcder f\u00fcr 60-, 50- und 25-j\u00e4hrige Mitgliedschaft sowie das 25-j\u00e4hrige Thronjubil\u00e4um geehrt. Ebenso findet hier wieder der Stammtisch f\u00fcr ehemalige Regentschaften statt.&nbsp;&nbsp;<br>Der Zug durchs Dorf mit Gefallenenehrung am Kriegerehrenmal und der Parade auf dem Sportplatz \u201eHaus Maria Veen\u201c erfolgt am Nachmittag. Das amtierende Sch\u00fctzenk\u00f6nigspaar&nbsp;Ben Krug und Frederike Kaak sowie das Ehrenpaar Leon Heltweg und Jill Sch\u00f6ttler&nbsp;werden beim abendlichen gro\u00dfen Festball gefeiert.&nbsp;<\/p>\n\n\n\n<p>Am Montagvormittag marschieren die Sch\u00fctzen zur Vogelstange. Beim Vogelschie\u00dfen wird der neue K\u00f6nig ermittelt. Gemeinsam mit seiner K\u00f6nigin und dem Ehrenpaar lassen sie sich am sp\u00e4ten Nachmittag bei der Parade auf dem Sportplatz der Bogensportanlage des Benediktushofes sowie beim Kr\u00f6nungsball im Festzelt von Sch\u00fctzen und Besuchern umjubeln.<\/p>\n\n\n\n<p>Das Sch\u00fctzenfest wird musikalisch begleitet von dem Musikverein Weseke, dem Spielmannszug Hochmoor und dem Musikverein Blaskapelle Reken. Der Gottesdienst wird mitgestaltet durch den M\u00e4nnergesangsverein MGV Maria Veen.&nbsp;<\/p>\n","protected":false},"excerpt":{"rendered":"<p>31.08.2026 Maria Veen (bli). Am kommenden Wochenende vom 05. Bis 07. September 2026 feiert der Allgemeine B\u00fcrgersch\u00fctzenverein Middelbauerschaft Maria Veen sein traditionelles Sch\u00fctzenfest. Erstmalig steht das Festzelt auf dem Sch\u00fctzenfestplatz gegen\u00fcber dem Gymnasium der&#46;&#46;&#46;<\/p>\n","protected":false},"author":2,"featured_media":11694,"comment_status":"open","ping_status":"open","sticky":false,"template":"","format":"standard","meta":{"footnotes":""},"categories":[5,17],"tags":[],"class_list":["post-15123","post","type-post","status-publish","format-standard","has-post-thumbnail","hentry","category-schuetzenfest","category-termine"],"_links":{"self":[{"href":"https:\/\/reken-erleben.de\/index.php?rest_route=\/wp\/v2\/posts\/15123","targetHints":{"allow":["GET"]}}],"collection":[{"href":"https:\/\/reken-erleben.de\/index.php?rest_route=\/wp\/v2\/posts"}],"about":[{"href":"https:\/\/reken-erleben.de\/index.php?rest_route=\/wp\/v2\/types\/post"}],"author":[{"embeddable":true,"href":"https:\/\/reken-erleben.de\/index.php?rest_route=\/wp\/v2\/users\/2"}],"replies":[{"embeddable":true,"href":"https:\/\/reken-erleben.de\/index.php?rest_route=%2Fwp%2Fv2%2Fcomments&post=15123"}],"version-history":[{"count":2,"href":"https:\/\/reken-erleben.de\/index.php?rest_route=\/wp\/v2\/posts\/15123\/revisions"}],"predecessor-version":[{"id":15126,"href":"https:\/\/reken-erleben.de\/index.php?rest_route=\/wp\/v2\/posts\/15123\/revisions\/15126"}],"wp:featuredmedia":[{"embeddable":true,"href":"https:\/\/reken-erleben.de\/index.php?rest_route=\/wp\/v2\/media\/11694"}],"wp:attachment":[{"href":"https:\/\/reken-erleben.de\/index.php?rest_route=%2Fwp%2Fv2%2Fmedia&parent=15123"}],"wp:term":[{"taxonomy":"category","embeddable":true,"href":"https:\/\/reken-erleben.de\/index.php?rest_route=%2Fwp%2Fv2%2Fcategories&post=15123"},{"taxonomy":"post_tag","embeddable":true,"href":"https:\/\/reken-erleben.de\/index.php?rest_route=%2Fwp%2Fv2%2Ftags&post=15123"}],"curies":[{"name":"wp","href":"https:\/\/api.w.org\/{rel}","templated":true}]}}