{"id":15121,"date":"2026-09-02T09:36:00","date_gmt":"2026-09-02T07:36:00","guid":{"rendered":"https:\/\/reken-erleben.de\/?p=15121"},"modified":"2026-09-02T18:33:56","modified_gmt":"2026-09-02T16:33:56","slug":"heimat-shoppen-mit-genuss-in-reken","status":"publish","type":"post","link":"https:\/\/reken-erleben.de\/?p=15121","title":{"rendered":"\u201eHeimat shoppen mit Genuss\u201c in Reken"},"content":{"rendered":"\n<p id=\"block-96e9d0f3-7a8b-4997-9d66-c720d15755e6\"><strong>WERBUNG<\/strong><\/p>\n\n\n\n<p id=\"block-561848c1-1182-465d-be99-ddae93b91ed6\"><strong>Lokal einkaufen, genie\u00dfen und die Heimat st\u00e4rken<\/strong><br><strong>02.09.2026 Reken<\/strong> (pm). Am Freitag, 4. September steht in Reken das lokale Einkaufen ganz besonders im Mittelpunkt: Unter dem Motto \u201eHeimat shoppen mit Genuss\u201c beteiligen sich zahlreiche Unternehmen, Gastronomie und Dienstleister an der bundesweiten Kampagne \u201eHeimat shoppen\u201c.<\/p>\n\n\n\n<p id=\"block-a6486be8-16f9-4ab4-bd4e-930ebc481aab\">Die teilnehmenden Betriebe laden w\u00e4hrend ihrer jeweiligen \u00d6ffnungszeiten mit unterschiedlichen Aktionen, Rabatten und besonderen Angeboten zum Besuch ein. Damit wird nicht nur das Einkaufen vor Ort attraktiver \u2013 zugleich soll die Bedeutung des lokalen Handels, der Gastronomie, der Dienstleister und aller weiteren Akteure f\u00fcr Reken und die gesamte Region sichtbar gemacht werden.<\/p>\n\n\n\n<p id=\"block-73f83d4b-bf54-4243-93b7-f10fac6bb840\"><strong>Heimat shoppen mit Genuss<\/strong><br>Passend zum diesj\u00e4hrigen Motto wird auch der Genuss gro\u00dfgeschrieben. An der Neuen Mitte am Marktplatz erwartet die Auszeit die Besucherinnen und Besucher am 4. September von 12 bis 18 Uhr mit leckeren kleinen Gerichten und Getr\u00e4nken. Wer mag, erledigt auf dem von 14 bis 18 Uhr stattfindenden Wochenmarkt seine Eink\u00e4ufe.<\/p>\n\n\n\n<p id=\"block-ac28f196-e2c9-42de-b502-5696404716d5\">Ein besonderes Dankesch\u00f6n gibt es f\u00fcr alle, die am Heimatshoppentag lokal einkaufen: Wer am 4. September in einem der teilnehmenden Heimat-shoppen-Betriebe f\u00fcr mindestens 50 Euro einkauft, erh\u00e4lt einen Rabattgutschein f\u00fcr ein Gericht bei der Auszeit an der Neuen Mitte. Der Gutschein ist ausschlie\u00dflich am 4. September einl\u00f6sbar.<\/p>\n\n\n\n<p id=\"block-79299b33-8de9-46b3-ae35-9690c492de63\"><strong>Teilnehmende Betriebe und Angebote:<\/strong><br><strong>Nur am 04. September<\/strong><br><br>&#8211; <strong>Kurf\u00fcrsten Grill Reken<\/strong> &#8211; 20% Rabatt auf jedes Gericht<br>&#8211; <strong>Hof Keil <\/strong>&#8211; 20% auf Rinderhackfleisch, Rinderbratwurst grob sowie Burgerpatties<br>&#8211; <strong>NINA\u02cbS<\/strong> &#8211; 20 % auf Handtaschen<br>&#8211; <strong>KORTE Schuhe und Orthop\u00e4die <\/strong>&#8211; 10% Rabatt auf alles<br>&#8211; <strong>Tapeten Ewering<\/strong>, Gardinen, Bodenbel\u00e4ge, Farben &#8211; 15% auf Lagerware (ausgenommen Niedrigpreise)<br>&#8211; <strong>Marien Apothek<\/strong>e &#8211; 20 % auf alle Frei- und Sichtwahlprodukte\u00a0<br>&#8211; <strong>Autohaus Vestrick<\/strong> &#8211; &#8222;HEIMAT-Bonus&#8220;: Wer Wohnmobil f\u00fcr mind. 7 Tage bucht, bekommt 100 \u20ac Heimatbonus<br>&#8211; <strong>Klaudia Treffpunkt Mode<\/strong> &#8211; 20 % Rabatt auf den Einkauf<br>&#8211; <strong>Schuhhaus Korte<\/strong> &#8211; 10 % Rabatt auf alles<br>&#8211; <strong>Optik Reken<\/strong> (*vorbehaltlich der Lieferbereiche des Herstellers) &#8211; Einst\u00e4rkenbrille inkl. Designerbrillenfassung,\u00a0\u00a0Kunststoffgl\u00e4sern mit Superentspiegelung und H\u00e4rtung ab 159,00\u20ac*; Gleitsichtbrille inkl. Designerbrillenfassung, Kunststoffgl\u00e4sern mit Superentspiegelung und H\u00e4rtung ab 349,00\u20ac*; 20% Rabatt auf alle vorr\u00e4tigen Sonnenbrillen (ausgenommen Ray Ban Meta)<\/p>\n\n\n\n<p id=\"block-0a17dddc-47f9-4e8a-aaef-fad7a4169269\"><strong>Vom 4.9. bis 11.09.:<\/strong><br><br>1 Jahr MAX Treffpunkt Mode in Reken<br>&#8211; <strong>MAX Treffpunkt Mode<\/strong> &#8211; 20 % Rabatt auf den Einkauf<\/p>\n\n\n\n<p id=\"block-a2c4917a-2e22-4366-a02f-861cfbc252fd\"><strong>Sonderaktionen g\u00fcltig f\u00fcr den gesamten September:<\/strong><\/p>\n\n\n\n<p id=\"block-078d6270-6333-4896-ab6d-2ae33d18f87c\">&#8211; <strong>Optik, Akustik Winzen<\/strong> &#8211; Red weeks: Komplettbrillen ab 89\u20ac; Gleitsichtbrillen ab 199 \u20ac<br>&#8211; <strong>Besseling Immobilien<\/strong> &#8211; Bewertung Ihrer Immobilie inkl. Beratung zu Modernisierungen \u2013 50,00 EUR inkl. MwSt; Nachlass auf eine Energieberatung \u2013 15%; Erstentwurf f\u00fcr Ihren Neubau oder Ihren Umbau \u2013 100,00 EUR inkl. MwSt.<\/p>\n\n\n\n<p><\/p>\n","protected":false},"excerpt":{"rendered":"<p>WERBUNG Lokal einkaufen, genie\u00dfen und die Heimat st\u00e4rken02.09.2026 Reken (pm). Am Freitag, 4. September steht in Reken das lokale Einkaufen ganz besonders im Mittelpunkt: Unter dem Motto \u201eHeimat shoppen mit Genuss\u201c beteiligen sich zahlreiche&#46;&#46;&#46;<\/p>\n","protected":false},"author":2,"featured_media":15118,"comment_status":"open","ping_status":"open","sticky":false,"template":"","format":"standard","meta":{"footnotes":""},"categories":[17],"tags":[],"class_list":["post-15121","post","type-post","status-publish","format-standard","has-post-thumbnail","hentry","category-termine"],"_links":{"self":[{"href":"https:\/\/reken-erleben.de\/index.php?rest_route=\/wp\/v2\/posts\/15121","targetHints":{"allow":["GET"]}}],"collection":[{"href":"https:\/\/reken-erleben.de\/index.php?rest_route=\/wp\/v2\/posts"}],"about":[{"href":"https:\/\/reken-erleben.de\/index.php?rest_route=\/wp\/v2\/types\/post"}],"author":[{"embeddable":true,"href":"https:\/\/reken-erleben.de\/index.php?rest_route=\/wp\/v2\/users\/2"}],"replies":[{"embeddable":true,"href":"https:\/\/reken-erleben.de\/index.php?rest_route=%2Fwp%2Fv2%2Fcomments&post=15121"}],"version-history":[{"count":4,"href":"https:\/\/reken-erleben.de\/index.php?rest_route=\/wp\/v2\/posts\/15121\/revisions"}],"predecessor-version":[{"id":15132,"href":"https:\/\/reken-erleben.de\/index.php?rest_route=\/wp\/v2\/posts\/15121\/revisions\/15132"}],"wp:featuredmedia":[{"embeddable":true,"href":"https:\/\/reken-erleben.de\/index.php?rest_route=\/wp\/v2\/media\/15118"}],"wp:attachment":[{"href":"https:\/\/reken-erleben.de\/index.php?rest_route=%2Fwp%2Fv2%2Fmedia&parent=15121"}],"wp:term":[{"taxonomy":"category","embeddable":true,"href":"https:\/\/reken-erleben.de\/index.php?rest_route=%2Fwp%2Fv2%2Fcategories&post=15121"},{"taxonomy":"post_tag","embeddable":true,"href":"https:\/\/reken-erleben.de\/index.php?rest_route=%2Fwp%2Fv2%2Ftags&post=15121"}],"curies":[{"name":"wp","href":"https:\/\/api.w.org\/{rel}","templated":true}]}}