{"id":15115,"date":"2026-08-31T12:34:50","date_gmt":"2026-08-31T10:34:50","guid":{"rendered":"https:\/\/reken-erleben.de\/?p=15115"},"modified":"2026-08-31T12:34:51","modified_gmt":"2026-08-31T10:34:51","slug":"offener-fruehstueckstreff-st-heinrich-reken-2026-27","status":"publish","type":"post","link":"https:\/\/reken-erleben.de\/?p=15115","title":{"rendered":"Offener Fr\u00fchst\u00fcckstreff St. Heinrich Reken\u00a02026-27"},"content":{"rendered":"\n<p><strong>31.08.2026 Reken<\/strong> (pm). Auch in der Saison 2026-27 l\u00e4dt der Offene Fr\u00fchst\u00fcckstreff einmal monatlich dazu ein, sich mit Menschen aller Altersstufen im Pfarrheim St. Heinrich in Reken zu treffen. Nach dem gemeinsamen Fr\u00fchst\u00fcck berichten verschiedene Vortragende \u00fcber &#8222;Wagemutige Menschen aus Religion, Kultur und Politik und andere Themen&#8220;. Alle Interessenten sind eingeladen, mitzufr\u00fchst\u00fccken (Kosten 3 \u20ac)\u00a0 und die Vortr\u00e4ge anzuh\u00f6ren. Zu den einzelnen Vortr\u00e4gen wird jeweils vorher noch eingeladen.\u00a0<\/p>\n\n\n\n<p>Themen:<\/p>\n\n\n\n<p>&#8211; 14. Okt. 2026 Wolfgang Grupp<br>&#8211; 4. Nov. 2026 Weimarer Republik &#8211; Demokratie zwischen autorit\u00e4rer Gewaltherrschaft und Diktatur<br>&#8211; 9. Dez 2026 Aufsehen erregende Geburten in der Bibel: Sarah, Abraham u. a.<br>&#8211; 19. Jan. 2027 Rita S\u00fc\u00dfmuth<br>&#8211; 10. Feb. 2027 Frauen im \u201eAlten \u00c4gypten\u201c<br>&#8211; 10. M\u00e4rz 2027 Mystische Orte in Indien<br>&#8211; 14. April 2027 Gerhard Mercator<br>&#8211; 12. Mai 2027 Annette von Droste-H\u00fclshoff<\/p>\n\n\n\n<p>Die Treffen finden statt um 9 Uhr im Pfarrheim\u00a0St. Heinrich in Gro\u00df-Reken, Kirchstra\u00dfe<\/p>\n","protected":false},"excerpt":{"rendered":"<p>31.08.2026 Reken (pm). Auch in der Saison 2026-27 l\u00e4dt der Offene Fr\u00fchst\u00fcckstreff einmal monatlich dazu ein, sich mit Menschen aller Altersstufen im Pfarrheim St. Heinrich in Reken zu treffen. Nach dem gemeinsamen Fr\u00fchst\u00fcck berichten&#46;&#46;&#46;<\/p>\n","protected":false},"author":2,"featured_media":11490,"comment_status":"open","ping_status":"open","sticky":false,"template":"","format":"standard","meta":{"footnotes":""},"categories":[17],"tags":[],"class_list":["post-15115","post","type-post","status-publish","format-standard","has-post-thumbnail","hentry","category-termine"],"_links":{"self":[{"href":"https:\/\/reken-erleben.de\/index.php?rest_route=\/wp\/v2\/posts\/15115","targetHints":{"allow":["GET"]}}],"collection":[{"href":"https:\/\/reken-erleben.de\/index.php?rest_route=\/wp\/v2\/posts"}],"about":[{"href":"https:\/\/reken-erleben.de\/index.php?rest_route=\/wp\/v2\/types\/post"}],"author":[{"embeddable":true,"href":"https:\/\/reken-erleben.de\/index.php?rest_route=\/wp\/v2\/users\/2"}],"replies":[{"embeddable":true,"href":"https:\/\/reken-erleben.de\/index.php?rest_route=%2Fwp%2Fv2%2Fcomments&post=15115"}],"version-history":[{"count":1,"href":"https:\/\/reken-erleben.de\/index.php?rest_route=\/wp\/v2\/posts\/15115\/revisions"}],"predecessor-version":[{"id":15116,"href":"https:\/\/reken-erleben.de\/index.php?rest_route=\/wp\/v2\/posts\/15115\/revisions\/15116"}],"wp:featuredmedia":[{"embeddable":true,"href":"https:\/\/reken-erleben.de\/index.php?rest_route=\/wp\/v2\/media\/11490"}],"wp:attachment":[{"href":"https:\/\/reken-erleben.de\/index.php?rest_route=%2Fwp%2Fv2%2Fmedia&parent=15115"}],"wp:term":[{"taxonomy":"category","embeddable":true,"href":"https:\/\/reken-erleben.de\/index.php?rest_route=%2Fwp%2Fv2%2Fcategories&post=15115"},{"taxonomy":"post_tag","embeddable":true,"href":"https:\/\/reken-erleben.de\/index.php?rest_route=%2Fwp%2Fv2%2Ftags&post=15115"}],"curies":[{"name":"wp","href":"https:\/\/api.w.org\/{rel}","templated":true}]}}