{"id":15110,"date":"2026-08-31T12:28:57","date_gmt":"2026-08-31T10:28:57","guid":{"rendered":"https:\/\/reken-erleben.de\/?p=15110"},"modified":"2026-08-31T12:28:58","modified_gmt":"2026-08-31T10:28:58","slug":"sportwochenende-fuer-kinder-in-den-herbstferien-2025","status":"publish","type":"post","link":"https:\/\/reken-erleben.de\/?p=15110","title":{"rendered":"Sportwochenende f\u00fcr Kinder in den Herbstferien 2025"},"content":{"rendered":"\n<p><strong>Anmeldung gestartet!<\/strong><\/p>\n\n\n\n<p><strong>31.08.2026 Reken <\/strong>(pm). Wenn in den Herbstferien die Sportschuhe geschn\u00fcrt werden und am Integrationssportpark in Maria Veen wieder rund 150 Kinder in Aktion sind, dann ist in Maria Veen wieder jede Menge Bewegung angesagt: Von Samstagmorgen, 17. Oktober, bis Montagmorgen, 19. Oktober 2026, findet auch in diesem Jahr das beliebte Kindersportwochenende der TSG Reken e. V. und des Gymnasiums der Mariannhiller Missionare statt.<\/p>\n\n\n\n<p>An den drei Tagen dreht sich alles um Sport, Spiel, Bewegung und Gemeinschaft. Das ehrenamtliche Team aus Lehrkr\u00e4ften, aktiven sowie ehemaligen Sch\u00fclerinnen und Sch\u00fclern des Gymnasiums der Mariannhiller Missionare und \u00dcbungsleiterinnen und \u00dcbungsleitern der TSG Reken e. V. haben sich auch dieses Jahr ein buntes und abwechslungsreiches Programm \u00fcberlegt, sodass bei den Kindern garantiert keine Langeweile aufkommen wird. Neben zahlreichen Bewegungsspielen, sportlichen Aktivit\u00e4ten und der M\u00f6glichkeit, das Sportabzeichen abnehmen zu lassen, stehen verschiedene Workshops und gemeinsame Aktionen auf dem Programm. Dabei geht es nicht darum, sportliche H\u00f6chstleistungen zu erzielen. Im Mittelpunkt stehen vielmehr die Freude an der Bewegung, das gemeinsame Erleben und der Spa\u00df in der Gruppe.<\/p>\n\n\n\n<figure class=\"wp-block-image size-full\"><img fetchpriority=\"high\" decoding=\"async\" width=\"600\" height=\"800\" src=\"https:\/\/reken-erleben.de\/wp-content\/uploads\/2026\/08\/GMV-HerbstSportwochende-2026-13.jpg\" alt=\"\" class=\"wp-image-15113\" srcset=\"https:\/\/reken-erleben.de\/wp-content\/uploads\/2026\/08\/GMV-HerbstSportwochende-2026-13.jpg 600w, https:\/\/reken-erleben.de\/wp-content\/uploads\/2026\/08\/GMV-HerbstSportwochende-2026-13-225x300.jpg 225w\" sizes=\"(max-width: 600px) 100vw, 600px\" \/><\/figure>\n\n\n\n<p>Bei der Teilnahme gibt es zwei Wahlm\u00f6glichkeiten: Die Kinder k\u00f6nnen bei der Anmeldung entscheiden, ob sie im Gymnasium \u00fcbernachten oder ohne \u00dcbernachtung als Tagesgast teilnehmen m\u00f6chten. Ein besonderes Highlight ist wieder das personalisierte T-Shirt, das die Kinder im Anschluss als Erinnerung mit nach Hause nehmen.<\/p>\n\n\n\n<p>Teilnehmen k\u00f6nnen Kinder der 3. und 4. Klasse der Grundschulen in Reken, aber ebenso Kinder aus den Nachbarkommunen sind herzlich willkommen, sich anzumelden und teilzunehmen.<\/p>\n\n\n\n<p>Die Anmeldung ist ab sofort \u2013 ausschlie\u00dflich &#8211; \u00fcber die Webseite&nbsp;<a href=\"http:\/\/www.tsg-reken.de\/\">www.tsg-reken.de<\/a>&nbsp;m\u00f6glich! Dort gibt es weitere Informationen wie zum Teilnehmerentgelt. Die Teilnehmeranzahl ist begrenzt, daher bietet sich eine fr\u00fchzeitige Anmeldung an.<\/p>\n\n\n\n<p>Zusammenfassung: Kindersportwochenende in den Herbstferien 2026<\/p>\n\n\n\n<p>Wann:&nbsp;Sa, 17. bis Mo, 19. Oktober 2026<\/p>\n\n\n\n<p>Wo:&nbsp;Gymnasium der Mariannhiller Missionare, Maria Veen<\/p>\n\n\n\n<p>Wer:&nbsp;Kinder der 3. und 4. Grundschulklassen aus Reken und Umgebung<\/p>\n\n\n\n<p>Wahlm\u00f6glichkeit:&nbsp;Mit oder ohne \u00dcbernachtung<\/p>\n\n\n\n<p>Anmeldung: ausschlie\u00dflich \u00fcber&nbsp;<a href=\"http:\/\/www.tsg-reken.de\/\">www.tsg-reken.de<\/a>; Teilnehmerzahl begrenzt<\/p>\n","protected":false},"excerpt":{"rendered":"<p>Anmeldung gestartet! 31.08.2026 Reken (pm). Wenn in den Herbstferien die Sportschuhe geschn\u00fcrt werden und am Integrationssportpark in Maria Veen wieder rund 150 Kinder in Aktion sind, dann ist in Maria Veen wieder jede Menge&#46;&#46;&#46;<\/p>\n","protected":false},"author":2,"featured_media":15111,"comment_status":"open","ping_status":"open","sticky":false,"template":"","format":"standard","meta":{"footnotes":""},"categories":[22,17],"tags":[],"class_list":["post-15110","post","type-post","status-publish","format-standard","has-post-thumbnail","hentry","category-sport","category-termine"],"_links":{"self":[{"href":"https:\/\/reken-erleben.de\/index.php?rest_route=\/wp\/v2\/posts\/15110","targetHints":{"allow":["GET"]}}],"collection":[{"href":"https:\/\/reken-erleben.de\/index.php?rest_route=\/wp\/v2\/posts"}],"about":[{"href":"https:\/\/reken-erleben.de\/index.php?rest_route=\/wp\/v2\/types\/post"}],"author":[{"embeddable":true,"href":"https:\/\/reken-erleben.de\/index.php?rest_route=\/wp\/v2\/users\/2"}],"replies":[{"embeddable":true,"href":"https:\/\/reken-erleben.de\/index.php?rest_route=%2Fwp%2Fv2%2Fcomments&post=15110"}],"version-history":[{"count":1,"href":"https:\/\/reken-erleben.de\/index.php?rest_route=\/wp\/v2\/posts\/15110\/revisions"}],"predecessor-version":[{"id":15114,"href":"https:\/\/reken-erleben.de\/index.php?rest_route=\/wp\/v2\/posts\/15110\/revisions\/15114"}],"wp:featuredmedia":[{"embeddable":true,"href":"https:\/\/reken-erleben.de\/index.php?rest_route=\/wp\/v2\/media\/15111"}],"wp:attachment":[{"href":"https:\/\/reken-erleben.de\/index.php?rest_route=%2Fwp%2Fv2%2Fmedia&parent=15110"}],"wp:term":[{"taxonomy":"category","embeddable":true,"href":"https:\/\/reken-erleben.de\/index.php?rest_route=%2Fwp%2Fv2%2Fcategories&post=15110"},{"taxonomy":"post_tag","embeddable":true,"href":"https:\/\/reken-erleben.de\/index.php?rest_route=%2Fwp%2Fv2%2Ftags&post=15110"}],"curies":[{"name":"wp","href":"https:\/\/api.w.org\/{rel}","templated":true}]}}