{"id":13851,"date":"2026-04-30T15:39:31","date_gmt":"2026-04-30T13:39:31","guid":{"rendered":"https:\/\/reken-erleben.de\/?p=13851"},"modified":"2026-04-30T15:39:31","modified_gmt":"2026-04-30T13:39:31","slug":"maibaum-des-heimatvereins-glaenzt-in-gruen-und-weiss","status":"publish","type":"post","link":"https:\/\/reken-erleben.de\/?p=13851","title":{"rendered":"Maibaum des Heimatvereins gl\u00e4nzt in Gr\u00fcn und Wei\u00df"},"content":{"rendered":"\n<p><strong>Aufstellen und Maisingen am 4. Mai<br>30.04.2026 Reken<\/strong> (pm). Der Heimatverein Reken trifft sich am Montag, 4. Mai zum traditionellen Maibaum-Aufstellen und Maisingen. Schauplatz ist die Alte M\u00fchle (\u201eHillen M\u00f6lle\u201c), die Veranstaltung beginnt um 18 Uhr.<\/p>\n\n\n\n<p>Neu in diesem Jahr: Der Maibaum verf\u00fcgt jetzt \u00fcber ein Scharnier, so dass die Heimatfreunde nicht mehr auf den Hubsteiger der Rekener Feuerwehr angewiesen sind. \u201eDer in Gr\u00fcn und Wei\u00df lackierte Maibaum wird jetzt ganz klassisch mit Staken und Muskelkraft in die Senkrechte gebracht\u201c, sagt der M\u00fchlenbeauftragte Georg Holthausen.<\/p>\n\n\n\n<p>Wenn die Schilder aus den f\u00fcnf Rekener Ortsteilen angebracht sind, gibt Holthausen Plattdeutsche D\u00f6nekes zum Besten. Danach beginnt das Maisingen. Britta Huvers und Nicole Gebhard haben eine Liedertafel mit bekannten Fr\u00fchlingsmelodien zusammengestellt. Um das Mitsingen zu erleichtern, liegen die Texte auf dem M\u00fchlenberg aus. Die musikalische Begleitung am Akkordeon \u00fcbernehmen Ria Winking-D\u00fclmer und Sonja Wesseling.Als St\u00e4rkung geben die M\u00fchlen-Verantwortlichen verschiedene Getr\u00e4nke aus, darunter das \u201eMaik\u00e4ferflugbenzin\u201c, einen Kr\u00e4uterlik\u00f6r, den so genannten \u201eGagel-Schnaps\u201c und die \u201eRekener Hundsfott\u201c.<\/p>\n","protected":false},"excerpt":{"rendered":"<p>Aufstellen und Maisingen am 4. Mai30.04.2026 Reken (pm). Der Heimatverein Reken trifft sich am Montag, 4. Mai zum traditionellen Maibaum-Aufstellen und Maisingen. Schauplatz ist die Alte M\u00fchle (\u201eHillen M\u00f6lle\u201c), die Veranstaltung beginnt um 18&#46;&#46;&#46;<\/p>\n","protected":false},"author":2,"featured_media":13852,"comment_status":"open","ping_status":"open","sticky":false,"template":"","format":"standard","meta":{"footnotes":""},"categories":[17],"tags":[],"class_list":["post-13851","post","type-post","status-publish","format-standard","has-post-thumbnail","hentry","category-termine"],"_links":{"self":[{"href":"https:\/\/reken-erleben.de\/index.php?rest_route=\/wp\/v2\/posts\/13851","targetHints":{"allow":["GET"]}}],"collection":[{"href":"https:\/\/reken-erleben.de\/index.php?rest_route=\/wp\/v2\/posts"}],"about":[{"href":"https:\/\/reken-erleben.de\/index.php?rest_route=\/wp\/v2\/types\/post"}],"author":[{"embeddable":true,"href":"https:\/\/reken-erleben.de\/index.php?rest_route=\/wp\/v2\/users\/2"}],"replies":[{"embeddable":true,"href":"https:\/\/reken-erleben.de\/index.php?rest_route=%2Fwp%2Fv2%2Fcomments&post=13851"}],"version-history":[{"count":1,"href":"https:\/\/reken-erleben.de\/index.php?rest_route=\/wp\/v2\/posts\/13851\/revisions"}],"predecessor-version":[{"id":13853,"href":"https:\/\/reken-erleben.de\/index.php?rest_route=\/wp\/v2\/posts\/13851\/revisions\/13853"}],"wp:featuredmedia":[{"embeddable":true,"href":"https:\/\/reken-erleben.de\/index.php?rest_route=\/wp\/v2\/media\/13852"}],"wp:attachment":[{"href":"https:\/\/reken-erleben.de\/index.php?rest_route=%2Fwp%2Fv2%2Fmedia&parent=13851"}],"wp:term":[{"taxonomy":"category","embeddable":true,"href":"https:\/\/reken-erleben.de\/index.php?rest_route=%2Fwp%2Fv2%2Fcategories&post=13851"},{"taxonomy":"post_tag","embeddable":true,"href":"https:\/\/reken-erleben.de\/index.php?rest_route=%2Fwp%2Fv2%2Ftags&post=13851"}],"curies":[{"name":"wp","href":"https:\/\/api.w.org\/{rel}","templated":true}]}}