{"id":13846,"date":"2026-04-29T15:54:55","date_gmt":"2026-04-29T13:54:55","guid":{"rendered":"https:\/\/reken-erleben.de\/?p=13846"},"modified":"2026-04-29T15:54:55","modified_gmt":"2026-04-29T13:54:55","slug":"aktion-stadtradeln-2026-jetzt-gehts-los","status":"publish","type":"post","link":"https:\/\/reken-erleben.de\/?p=13846","title":{"rendered":"Aktion STADTRADELN 2026: Jetzt geht\u00b4s los!"},"content":{"rendered":"\n<p><strong>Dreiw\u00f6chiger Aktionszeitraum startet am 1. Mai \/ Registrierung auf\u00a0www.stadtradeln.de<\/strong><\/p>\n\n\n\n<p><strong>29.04.2026 Kreis Borken<\/strong> (pm). Auf die Fahrr\u00e4der, fertig, los! Am kommenden Freitag, 1. Mai 2026, startet der diesj\u00e4hrige Aktionszeitraum f\u00fcr das STADTRADELN 2026. Kreisweit hei\u00dft es dann in allen 17 Kommunen wieder: Aufsteigen, Kilometer sammeln und etwas Gutes f\u00fcr das Klima tun. Teilnehmen k\u00f6nnen alle B\u00fcrgerinnen und B\u00fcrger, die sich auf\u00a0<a href=\"http:\/\/www.stadtradeln.de\/\">www.stadtradeln.de<\/a>\u00a0anmelden \u2013 das geht auch noch kurzfristig w\u00e4hrend des Aktionszeitraumes. &#8222;Ob als Training f\u00fcr die eigene Fitness, als Beitrag f\u00fcr den Klimaschutz oder einfach aus Freude am Radfahren \u2013 nicht zuletzt aufgrund des fr\u00fchlingshaften Wetters gibt es viele Gr\u00fcnde, an dieser internationalen Initiative teilzunehmen&#8220;, ruft Landrat Dr. Kai Zwicker zur Teilnahme auf. Der Aktionszeitraum erstreckt sich vom 1. bis zum 21. Mai 2026.<br>Den Weg zur Arbeit oder Schule k\u00f6nnen nicht alle mit dem Rad zur\u00fccklegen, die gefahrenen Kilometer in der Freizeit z\u00e4hlen aber genauso f\u00fcr die Wertung. Da gemeinsames Radeln \u2013 oder auch gegeneinander \u2013 besonders motiviert, gibt es beim &#8222;STADTRADELN&#8220; auch die M\u00f6glichkeit, Teams zu bilden: mit der Familie, Freunden, im Sportverein, beim Arbeitgeber oder in der Schule. So kamen im vergangenen Jahr insgesamt 18.657 Radelnde in 927 Teams zusammen, wodurch der Kreis Borken mit mehr als 3,61 Millionen Kilometer bundesweit in seiner Einwohnerkategorie den ersten Platz erreichte.<br>Zudem findet wieder die Aktion &#8222;SCHULRADELN&#8220; statt. Dabei werden die fahrradaktivsten Schulen gesucht, die in diesem Jahr bei einem NRW-weiten Wettbewerb mit attraktiven Geldpreisen belohnt werden. Sch\u00fclerinnen und Sch\u00fcler von Grund- und weiterf\u00fchrenden Schulen sammeln ihre gefahrenen Radkilometer individuell oder als Klassenverband f\u00fcr das jeweilige Schul-Team. Mitmachen k\u00f6nnen auch Lehrkr\u00e4fte und Eltern. Dadurch k\u00f6nnen die Radelnden gleich dreimal punkten: F\u00fcr ihre Schule, f\u00fcr die eigene Kommune und den Kreis Borken. Interessierte Schulen im Kreisgebiet k\u00f6nnen sich unter\u00a0<a href=\"http:\/\/www.stadtradeln.de\/schulradeln-nrw\">www.stadtradeln.de\/schulradeln-nrw<\/a>\u00a0f\u00fcr das &#8222;SCHULRADELN&#8220; anmelden.<\/p>\n","protected":false},"excerpt":{"rendered":"<p>Dreiw\u00f6chiger Aktionszeitraum startet am 1. Mai \/ Registrierung auf\u00a0www.stadtradeln.de 29.04.2026 Kreis Borken (pm). Auf die Fahrr\u00e4der, fertig, los! Am kommenden Freitag, 1. Mai 2026, startet der diesj\u00e4hrige Aktionszeitraum f\u00fcr das STADTRADELN 2026. Kreisweit hei\u00dft&#46;&#46;&#46;<\/p>\n","protected":false},"author":2,"featured_media":13848,"comment_status":"open","ping_status":"open","sticky":false,"template":"","format":"standard","meta":{"footnotes":""},"categories":[17],"tags":[],"class_list":["post-13846","post","type-post","status-publish","format-standard","has-post-thumbnail","hentry","category-termine"],"_links":{"self":[{"href":"https:\/\/reken-erleben.de\/index.php?rest_route=\/wp\/v2\/posts\/13846","targetHints":{"allow":["GET"]}}],"collection":[{"href":"https:\/\/reken-erleben.de\/index.php?rest_route=\/wp\/v2\/posts"}],"about":[{"href":"https:\/\/reken-erleben.de\/index.php?rest_route=\/wp\/v2\/types\/post"}],"author":[{"embeddable":true,"href":"https:\/\/reken-erleben.de\/index.php?rest_route=\/wp\/v2\/users\/2"}],"replies":[{"embeddable":true,"href":"https:\/\/reken-erleben.de\/index.php?rest_route=%2Fwp%2Fv2%2Fcomments&post=13846"}],"version-history":[{"count":1,"href":"https:\/\/reken-erleben.de\/index.php?rest_route=\/wp\/v2\/posts\/13846\/revisions"}],"predecessor-version":[{"id":13849,"href":"https:\/\/reken-erleben.de\/index.php?rest_route=\/wp\/v2\/posts\/13846\/revisions\/13849"}],"wp:featuredmedia":[{"embeddable":true,"href":"https:\/\/reken-erleben.de\/index.php?rest_route=\/wp\/v2\/media\/13848"}],"wp:attachment":[{"href":"https:\/\/reken-erleben.de\/index.php?rest_route=%2Fwp%2Fv2%2Fmedia&parent=13846"}],"wp:term":[{"taxonomy":"category","embeddable":true,"href":"https:\/\/reken-erleben.de\/index.php?rest_route=%2Fwp%2Fv2%2Fcategories&post=13846"},{"taxonomy":"post_tag","embeddable":true,"href":"https:\/\/reken-erleben.de\/index.php?rest_route=%2Fwp%2Fv2%2Ftags&post=13846"}],"curies":[{"name":"wp","href":"https:\/\/api.w.org\/{rel}","templated":true}]}}