{"id":13843,"date":"2026-04-29T15:50:55","date_gmt":"2026-04-29T13:50:55","guid":{"rendered":"https:\/\/reken-erleben.de\/?p=13843"},"modified":"2026-04-29T15:50:56","modified_gmt":"2026-04-29T13:50:56","slug":"einladung-zum-begegnungscafe-im-haus-am-see","status":"publish","type":"post","link":"https:\/\/reken-erleben.de\/?p=13843","title":{"rendered":"Einladung zum Begegnungscaf\u00e9 im Haus am See"},"content":{"rendered":"\n<p><strong>29.04.2026 Maria Veen (pm).\u00a0<\/strong>Das Ehrenamts-Team im Benediktushof l\u00e4dt Bewohnerinnen und Bewohner am Sonntag, 3. Mai, von 14.30 bis 17 Uhr zum Begegnungscaf\u00e9 ein. Auch Angeh\u00f6rige, Freunde und Interessierte sind willkommen. Es gibt Kaffee und Kuchen sowie die M\u00f6glichkeit, mit anderen ins Gespr\u00e4ch zu kommen. Die Veranstaltung findet im \u201eHaus am See\u201c statt. Auch der Werkstattladen ist an dem Nachmittag ge\u00f6ffnet.<\/p>\n","protected":false},"excerpt":{"rendered":"<p>29.04.2026 Maria Veen (pm).\u00a0Das Ehrenamts-Team im Benediktushof l\u00e4dt Bewohnerinnen und Bewohner am Sonntag, 3. Mai, von 14.30 bis 17 Uhr zum Begegnungscaf\u00e9 ein. Auch Angeh\u00f6rige, Freunde und Interessierte sind willkommen. Es gibt Kaffee und&#46;&#46;&#46;<\/p>\n","protected":false},"author":2,"featured_media":11888,"comment_status":"open","ping_status":"open","sticky":false,"template":"","format":"standard","meta":{"footnotes":""},"categories":[17],"tags":[],"class_list":["post-13843","post","type-post","status-publish","format-standard","has-post-thumbnail","hentry","category-termine"],"_links":{"self":[{"href":"https:\/\/reken-erleben.de\/index.php?rest_route=\/wp\/v2\/posts\/13843","targetHints":{"allow":["GET"]}}],"collection":[{"href":"https:\/\/reken-erleben.de\/index.php?rest_route=\/wp\/v2\/posts"}],"about":[{"href":"https:\/\/reken-erleben.de\/index.php?rest_route=\/wp\/v2\/types\/post"}],"author":[{"embeddable":true,"href":"https:\/\/reken-erleben.de\/index.php?rest_route=\/wp\/v2\/users\/2"}],"replies":[{"embeddable":true,"href":"https:\/\/reken-erleben.de\/index.php?rest_route=%2Fwp%2Fv2%2Fcomments&post=13843"}],"version-history":[{"count":1,"href":"https:\/\/reken-erleben.de\/index.php?rest_route=\/wp\/v2\/posts\/13843\/revisions"}],"predecessor-version":[{"id":13844,"href":"https:\/\/reken-erleben.de\/index.php?rest_route=\/wp\/v2\/posts\/13843\/revisions\/13844"}],"wp:featuredmedia":[{"embeddable":true,"href":"https:\/\/reken-erleben.de\/index.php?rest_route=\/wp\/v2\/media\/11888"}],"wp:attachment":[{"href":"https:\/\/reken-erleben.de\/index.php?rest_route=%2Fwp%2Fv2%2Fmedia&parent=13843"}],"wp:term":[{"taxonomy":"category","embeddable":true,"href":"https:\/\/reken-erleben.de\/index.php?rest_route=%2Fwp%2Fv2%2Fcategories&post=13843"},{"taxonomy":"post_tag","embeddable":true,"href":"https:\/\/reken-erleben.de\/index.php?rest_route=%2Fwp%2Fv2%2Ftags&post=13843"}],"curies":[{"name":"wp","href":"https:\/\/api.w.org\/{rel}","templated":true}]}}