{"id":13830,"date":"2026-04-29T15:40:30","date_gmt":"2026-04-29T13:40:30","guid":{"rendered":"https:\/\/reken-erleben.de\/?p=13830"},"modified":"2026-04-29T15:40:31","modified_gmt":"2026-04-29T13:40:31","slug":"rollende-waldschule-besucht-awo-kita","status":"publish","type":"post","link":"https:\/\/reken-erleben.de\/?p=13830","title":{"rendered":"Rollende Waldschule besucht AWO Kita"},"content":{"rendered":"\n<p><strong>29.04.2026 Reken<\/strong> (pm). Im Rahmen ihrer aktuellen Waldwoche empfing die AWO Kita Lindenweg aus Reken in der letzten Woche Besuch von der rollenden Waldschule der Kreisj\u00e4gerschaft Borken e.V. im Landesjagdverband Nordrhein-Westfalen. Vier J\u00e4ger vom Hegering Reken begleiteten den Vormittag und f\u00fchrten die Kinder in Kleingruppen durch eine anschauliche Waldausstellung.<\/p>\n\n\n\n<div class=\"wp-block-media-text is-stacked-on-mobile\"><figure class=\"wp-block-media-text__media\"><img fetchpriority=\"high\" decoding=\"async\" width=\"300\" height=\"400\" src=\"https:\/\/reken-erleben.de\/wp-content\/uploads\/2026\/04\/AWO-Kita-Waldschule-Igel.jpg\" alt=\"\" class=\"wp-image-13835 size-full\" srcset=\"https:\/\/reken-erleben.de\/wp-content\/uploads\/2026\/04\/AWO-Kita-Waldschule-Igel.jpg 300w, https:\/\/reken-erleben.de\/wp-content\/uploads\/2026\/04\/AWO-Kita-Waldschule-Igel-225x300.jpg 225w\" sizes=\"(max-width: 300px) 100vw, 300px\" \/><\/figure><div class=\"wp-block-media-text__content\">\n<p>Die J\u00e4ger erl\u00e4uterten Fragen rund um das Leben im Wald und die Vielfalt der waldbewohnenden Tiere. Es waren \u00fcber 100 Tierpr\u00e4parate der heimischen Wildtierarten zu bestaunen. Zur Begr\u00fc\u00dfung spielten Bernhard K\u00f6hne, Andy Bodden und Christoph Holthausen ein Lied auf Jagdh\u00f6rnern, was die Kinder sichtlich beeindruckte. <\/p>\n<\/div><\/div>\n\n\n\n<p> Zudem waren drei ausgebildete Jagdhunde pr\u00e4sent: Der Schwei\u00dfhund Lumpi, der unter anderem zur Jagd von Wildschweinen und Rehen eingesetzt wird, zeigte eine Schutzweste, die ihn vor Verletzungen und Bissen von Wildschweinen sch\u00fctzt. Der Vorstehhund Zar blieb bei Hasen ganz ruhig stehen und folgte den Anweisungen seines Hundef\u00fchrers Hendrik Holberndt. Der dritte Hund, Eddi, war ebenfalls ausgebildeter Jagdhund und wurde allen Kindern vorgestellt. In einer Demonstration wurde au\u00dferdem das Apportieren erl\u00e4utert: Die Kinder versteckten Gegenst\u00e4nde im Wald, die Zar mithilfe seiner Nase aufsp\u00fcrte und zu seinem Hundef\u00fchrer zur\u00fcckbrachte. Die drei Hunde durften von allen Kindern gestreichelt werden, da sie als Familienhunde absolut kinderfreundlich waren.<\/p>\n\n\n\n<figure class=\"wp-block-gallery has-nested-images columns-default is-cropped wp-block-gallery-1 is-layout-flex wp-block-gallery-is-layout-flex\">\n<figure class=\"wp-block-image size-large\"><img decoding=\"async\" width=\"800\" height=\"800\" data-id=\"13833\" src=\"https:\/\/reken-erleben.de\/wp-content\/uploads\/2026\/04\/AWO-Kita-Waldschule-3.jpg\" alt=\"\" class=\"wp-image-13833\" srcset=\"https:\/\/reken-erleben.de\/wp-content\/uploads\/2026\/04\/AWO-Kita-Waldschule-3.jpg 800w, https:\/\/reken-erleben.de\/wp-content\/uploads\/2026\/04\/AWO-Kita-Waldschule-3-300x300.jpg 300w, https:\/\/reken-erleben.de\/wp-content\/uploads\/2026\/04\/AWO-Kita-Waldschule-3-150x150.jpg 150w, https:\/\/reken-erleben.de\/wp-content\/uploads\/2026\/04\/AWO-Kita-Waldschule-3-768x768.jpg 768w, https:\/\/reken-erleben.de\/wp-content\/uploads\/2026\/04\/AWO-Kita-Waldschule-3-80x80.jpg 80w, https:\/\/reken-erleben.de\/wp-content\/uploads\/2026\/04\/AWO-Kita-Waldschule-3-320x320.jpg 320w\" sizes=\"(max-width: 800px) 100vw, 800px\" \/><\/figure>\n\n\n\n<figure class=\"wp-block-image size-large\"><img decoding=\"async\" width=\"800\" height=\"800\" data-id=\"13832\" src=\"https:\/\/reken-erleben.de\/wp-content\/uploads\/2026\/04\/AWO-Kita-Waldschule-2.jpg\" alt=\"\" class=\"wp-image-13832\" srcset=\"https:\/\/reken-erleben.de\/wp-content\/uploads\/2026\/04\/AWO-Kita-Waldschule-2.jpg 800w, https:\/\/reken-erleben.de\/wp-content\/uploads\/2026\/04\/AWO-Kita-Waldschule-2-300x300.jpg 300w, https:\/\/reken-erleben.de\/wp-content\/uploads\/2026\/04\/AWO-Kita-Waldschule-2-150x150.jpg 150w, https:\/\/reken-erleben.de\/wp-content\/uploads\/2026\/04\/AWO-Kita-Waldschule-2-768x768.jpg 768w, https:\/\/reken-erleben.de\/wp-content\/uploads\/2026\/04\/AWO-Kita-Waldschule-2-80x80.jpg 80w, https:\/\/reken-erleben.de\/wp-content\/uploads\/2026\/04\/AWO-Kita-Waldschule-2-320x320.jpg 320w\" sizes=\"(max-width: 800px) 100vw, 800px\" \/><\/figure>\n<\/figure>\n\n\n\n<figure class=\"wp-block-image size-full\"><img loading=\"lazy\" decoding=\"async\" width=\"800\" height=\"800\" src=\"https:\/\/reken-erleben.de\/wp-content\/uploads\/2026\/04\/AWO-Kita-Waldschule-1.jpg\" alt=\"\" class=\"wp-image-13831\" srcset=\"https:\/\/reken-erleben.de\/wp-content\/uploads\/2026\/04\/AWO-Kita-Waldschule-1.jpg 800w, https:\/\/reken-erleben.de\/wp-content\/uploads\/2026\/04\/AWO-Kita-Waldschule-1-300x300.jpg 300w, https:\/\/reken-erleben.de\/wp-content\/uploads\/2026\/04\/AWO-Kita-Waldschule-1-150x150.jpg 150w, https:\/\/reken-erleben.de\/wp-content\/uploads\/2026\/04\/AWO-Kita-Waldschule-1-768x768.jpg 768w, https:\/\/reken-erleben.de\/wp-content\/uploads\/2026\/04\/AWO-Kita-Waldschule-1-80x80.jpg 80w, https:\/\/reken-erleben.de\/wp-content\/uploads\/2026\/04\/AWO-Kita-Waldschule-1-320x320.jpg 320w\" sizes=\"(max-width: 800px) 100vw, 800px\" \/><\/figure>\n\n\n\n<p>Die Kita bedankte sich herzlich bei der Organisation und dem Team vom Hegerin Reken f\u00fcr den abwechslungsreichen Vormittag sowie den kindgerechten Einblick in die Welt der J\u00e4ger.<\/p>\n\n\n\n<figure class=\"wp-block-image size-full\"><img loading=\"lazy\" decoding=\"async\" width=\"800\" height=\"800\" src=\"https:\/\/reken-erleben.de\/wp-content\/uploads\/2026\/04\/AWO-Kita-Waldschule-Gruppe.jpg\" alt=\"\" class=\"wp-image-13834\" srcset=\"https:\/\/reken-erleben.de\/wp-content\/uploads\/2026\/04\/AWO-Kita-Waldschule-Gruppe.jpg 800w, https:\/\/reken-erleben.de\/wp-content\/uploads\/2026\/04\/AWO-Kita-Waldschule-Gruppe-300x300.jpg 300w, https:\/\/reken-erleben.de\/wp-content\/uploads\/2026\/04\/AWO-Kita-Waldschule-Gruppe-150x150.jpg 150w, https:\/\/reken-erleben.de\/wp-content\/uploads\/2026\/04\/AWO-Kita-Waldschule-Gruppe-768x768.jpg 768w, https:\/\/reken-erleben.de\/wp-content\/uploads\/2026\/04\/AWO-Kita-Waldschule-Gruppe-80x80.jpg 80w, https:\/\/reken-erleben.de\/wp-content\/uploads\/2026\/04\/AWO-Kita-Waldschule-Gruppe-320x320.jpg 320w\" sizes=\"(max-width: 800px) 100vw, 800px\" \/><\/figure>\n","protected":false},"excerpt":{"rendered":"<p>29.04.2026 Reken (pm). Im Rahmen ihrer aktuellen Waldwoche empfing die AWO Kita Lindenweg aus Reken in der letzten Woche Besuch von der rollenden Waldschule der Kreisj\u00e4gerschaft Borken e.V. im Landesjagdverband Nordrhein-Westfalen. Vier J\u00e4ger vom&#46;&#46;&#46;<\/p>\n","protected":false},"author":2,"featured_media":13836,"comment_status":"open","ping_status":"open","sticky":false,"template":"","format":"standard","meta":{"footnotes":""},"categories":[4],"tags":[],"class_list":["post-13830","post","type-post","status-publish","format-standard","has-post-thumbnail","hentry","category-aktuelles"],"_links":{"self":[{"href":"https:\/\/reken-erleben.de\/index.php?rest_route=\/wp\/v2\/posts\/13830","targetHints":{"allow":["GET"]}}],"collection":[{"href":"https:\/\/reken-erleben.de\/index.php?rest_route=\/wp\/v2\/posts"}],"about":[{"href":"https:\/\/reken-erleben.de\/index.php?rest_route=\/wp\/v2\/types\/post"}],"author":[{"embeddable":true,"href":"https:\/\/reken-erleben.de\/index.php?rest_route=\/wp\/v2\/users\/2"}],"replies":[{"embeddable":true,"href":"https:\/\/reken-erleben.de\/index.php?rest_route=%2Fwp%2Fv2%2Fcomments&post=13830"}],"version-history":[{"count":1,"href":"https:\/\/reken-erleben.de\/index.php?rest_route=\/wp\/v2\/posts\/13830\/revisions"}],"predecessor-version":[{"id":13837,"href":"https:\/\/reken-erleben.de\/index.php?rest_route=\/wp\/v2\/posts\/13830\/revisions\/13837"}],"wp:featuredmedia":[{"embeddable":true,"href":"https:\/\/reken-erleben.de\/index.php?rest_route=\/wp\/v2\/media\/13836"}],"wp:attachment":[{"href":"https:\/\/reken-erleben.de\/index.php?rest_route=%2Fwp%2Fv2%2Fmedia&parent=13830"}],"wp:term":[{"taxonomy":"category","embeddable":true,"href":"https:\/\/reken-erleben.de\/index.php?rest_route=%2Fwp%2Fv2%2Fcategories&post=13830"},{"taxonomy":"post_tag","embeddable":true,"href":"https:\/\/reken-erleben.de\/index.php?rest_route=%2Fwp%2Fv2%2Ftags&post=13830"}],"curies":[{"name":"wp","href":"https:\/\/api.w.org\/{rel}","templated":true}]}}