{"id":13595,"date":"2026-03-11T12:59:23","date_gmt":"2026-03-11T10:59:23","guid":{"rendered":"https:\/\/reken-erleben.de\/?p=13595"},"modified":"2026-03-11T13:01:59","modified_gmt":"2026-03-11T11:01:59","slug":"zahlreiche-besucher-im-rekener-archiv","status":"publish","type":"post","link":"https:\/\/reken-erleben.de\/?p=13595","title":{"rendered":"Zahlreiche Besucher im Rekener Archiv"},"content":{"rendered":"\n<p><strong>11.03.2026 Reken<\/strong> (bli). Am \u201eTag der Archive\u201c hatte auch der Rekener Heimatverein die Pforten zu den historischen Sch\u00e4tzen ge\u00f6ffnet. Seit Januar 2025 ist das Archiv im Vereins- und Bildungszentrum (VerBiZ) beheimatet. Zahlreiche Leute nutzten am Sonntag das Angebot, um in den geschichtstr\u00e4chtigen Werken zu st\u00f6bern oder entlang der ausgestellten Bilder und Exponate zu bummeln. Die Mitglieder der Archivteams beantworteten gerne die Fragen der interessierten Besucher.<\/p>\n\n\n\n<figure class=\"wp-block-image size-full\"><img fetchpriority=\"high\" decoding=\"async\" width=\"800\" height=\"533\" src=\"https:\/\/reken-erleben.de\/wp-content\/uploads\/2026\/03\/TagderArchive-2026-BLippe-Buecher.jpg\" alt=\"\" class=\"wp-image-13597\" srcset=\"https:\/\/reken-erleben.de\/wp-content\/uploads\/2026\/03\/TagderArchive-2026-BLippe-Buecher.jpg 800w, https:\/\/reken-erleben.de\/wp-content\/uploads\/2026\/03\/TagderArchive-2026-BLippe-Buecher-300x200.jpg 300w, https:\/\/reken-erleben.de\/wp-content\/uploads\/2026\/03\/TagderArchive-2026-BLippe-Buecher-768x512.jpg 768w\" sizes=\"(max-width: 800px) 100vw, 800px\" \/><figcaption class=\"wp-element-caption\"><em>Unz\u00e4hlige B\u00fccher, Bildb\u00e4nde und Dokumente erinnern an die Geschichte von Reken und dem Umland.<\/em><\/figcaption><\/figure>\n\n\n\n<figure class=\"wp-block-image size-full\"><img decoding=\"async\" width=\"800\" height=\"533\" src=\"https:\/\/reken-erleben.de\/wp-content\/uploads\/2026\/03\/TagderArchive-2026-BLippe-Fotos.jpg\" alt=\"\" class=\"wp-image-13599\" srcset=\"https:\/\/reken-erleben.de\/wp-content\/uploads\/2026\/03\/TagderArchive-2026-BLippe-Fotos.jpg 800w, https:\/\/reken-erleben.de\/wp-content\/uploads\/2026\/03\/TagderArchive-2026-BLippe-Fotos-300x200.jpg 300w, https:\/\/reken-erleben.de\/wp-content\/uploads\/2026\/03\/TagderArchive-2026-BLippe-Fotos-768x512.jpg 768w\" sizes=\"(max-width: 800px) 100vw, 800px\" \/><\/figure>\n\n\n\n<p>In einem anderen Raum hatte das Archivteam 750 Fotos von ihnen unbekannten Personen und Familien ausgestellt. Insbesondere die \u00e4lteren Besucher wurden aufgefordert, sobald sie einen erkennen, den Namen dazu zu schreiben. Auf diesem Weg l\u00e4sst sich wieder ein St\u00fcck Geschichte aufarbeiten. Durch vermehrte Digitalisierung der Daten kann das Archivteam bei der Suche von Familienmitgliedern und der Erstellung von Familienstammb\u00e4umen hilfreich zur Seite stehen.&nbsp;<\/p>\n\n\n\n<figure class=\"wp-block-image size-full\"><img decoding=\"async\" width=\"800\" height=\"533\" src=\"https:\/\/reken-erleben.de\/wp-content\/uploads\/2026\/03\/TagderArchive-2026-BLippe-Familie.jpg\" alt=\"\" class=\"wp-image-13598\" srcset=\"https:\/\/reken-erleben.de\/wp-content\/uploads\/2026\/03\/TagderArchive-2026-BLippe-Familie.jpg 800w, https:\/\/reken-erleben.de\/wp-content\/uploads\/2026\/03\/TagderArchive-2026-BLippe-Familie-300x200.jpg 300w, https:\/\/reken-erleben.de\/wp-content\/uploads\/2026\/03\/TagderArchive-2026-BLippe-Familie-768x512.jpg 768w\" sizes=\"(max-width: 800px) 100vw, 800px\" \/><figcaption class=\"wp-element-caption\"><em>Maria Schlottbohm und Gerarde Korte neben der Ahnentafel der Familie Schlottbohm.<\/em><\/figcaption><\/figure>\n\n\n\n<p><\/p>\n\n\n\n<p>Anl\u00e4sslich des Weltfrauentages am 8. M\u00e4rz erinnerte eine Ausstellung an erfolgreiche Rekener Frauen, wie Ordensschwestern Mary Prema Pierick und Therese Illerhues-Misono sowie die K\u00fcnstlerin Agatha Schwering.&nbsp;<\/p>\n\n\n\n<p>Au\u00dferdem wurde ein abwechslungsreiches Programm geboten. Die Akkordeonspielerinnen Edith Weber und Regina Wiesemann-Hengem\u00fchle spielten beispielsweise das Lied \u201eF\u00fcr die soll\u2019s rote Rosen regnen\u201c, das durch Hildegard Knef bekannt wurde. Im Ausstellungsraum wurden alte Filme gezeigt, wie von der Er\u00f6ffnung des Maria Veener Bahnhofes. F\u00fcr Kinder gab es einen gro\u00dfen Spiel- und Maltisch.<\/p>\n\n\n\n<p>Das Archivteam w\u00fcrde sich jederzeit \u00fcber historische Familien- und Hof-Dokumente sowie Feldpostbriefe freuen, um sie zu digitalisieren.<\/p>\n","protected":false},"excerpt":{"rendered":"<p>11.03.2026 Reken (bli). Am \u201eTag der Archive\u201c hatte auch der Rekener Heimatverein die Pforten zu den historischen Sch\u00e4tzen ge\u00f6ffnet. Seit Januar 2025 ist das Archiv im Vereins- und Bildungszentrum (VerBiZ) beheimatet. Zahlreiche Leute nutzten&#46;&#46;&#46;<\/p>\n","protected":false},"author":2,"featured_media":13600,"comment_status":"open","ping_status":"open","sticky":false,"template":"","format":"standard","meta":{"footnotes":""},"categories":[4],"tags":[],"class_list":["post-13595","post","type-post","status-publish","format-standard","has-post-thumbnail","hentry","category-aktuelles"],"_links":{"self":[{"href":"https:\/\/reken-erleben.de\/index.php?rest_route=\/wp\/v2\/posts\/13595","targetHints":{"allow":["GET"]}}],"collection":[{"href":"https:\/\/reken-erleben.de\/index.php?rest_route=\/wp\/v2\/posts"}],"about":[{"href":"https:\/\/reken-erleben.de\/index.php?rest_route=\/wp\/v2\/types\/post"}],"author":[{"embeddable":true,"href":"https:\/\/reken-erleben.de\/index.php?rest_route=\/wp\/v2\/users\/2"}],"replies":[{"embeddable":true,"href":"https:\/\/reken-erleben.de\/index.php?rest_route=%2Fwp%2Fv2%2Fcomments&post=13595"}],"version-history":[{"count":2,"href":"https:\/\/reken-erleben.de\/index.php?rest_route=\/wp\/v2\/posts\/13595\/revisions"}],"predecessor-version":[{"id":13602,"href":"https:\/\/reken-erleben.de\/index.php?rest_route=\/wp\/v2\/posts\/13595\/revisions\/13602"}],"wp:featuredmedia":[{"embeddable":true,"href":"https:\/\/reken-erleben.de\/index.php?rest_route=\/wp\/v2\/media\/13600"}],"wp:attachment":[{"href":"https:\/\/reken-erleben.de\/index.php?rest_route=%2Fwp%2Fv2%2Fmedia&parent=13595"}],"wp:term":[{"taxonomy":"category","embeddable":true,"href":"https:\/\/reken-erleben.de\/index.php?rest_route=%2Fwp%2Fv2%2Fcategories&post=13595"},{"taxonomy":"post_tag","embeddable":true,"href":"https:\/\/reken-erleben.de\/index.php?rest_route=%2Fwp%2Fv2%2Ftags&post=13595"}],"curies":[{"name":"wp","href":"https:\/\/api.w.org\/{rel}","templated":true}]}}