{"id":13592,"date":"2026-03-11T12:55:53","date_gmt":"2026-03-11T10:55:53","guid":{"rendered":"https:\/\/reken-erleben.de\/?p=13592"},"modified":"2026-03-11T12:55:53","modified_gmt":"2026-03-11T10:55:53","slug":"jahrespressebericht-2025-bilanzzahlen","status":"publish","type":"post","link":"https:\/\/reken-erleben.de\/?p=13592","title":{"rendered":"Jahrespressebericht 2025 \u2013 Bilanzzahlen"},"content":{"rendered":"\n<p><strong>WERBUNG<\/strong><\/p>\n\n\n\n<p><strong>11.03.2026 Gemen, Lembeck, Rhade, Reken<\/strong> (pm). 2025 war f\u00fcr die Volksbank in der Hohen Mark eG ein Jahr, in dem vieles in Bewegung war. Der Zusammenschluss mit der Volksbank Gemen hat nicht nur Organisationspl\u00e4ne gef\u00fcllt, sondern auch den Alltag aller Mitarbeitenden ordentlich durcheinander-ger\u00fcttelt \u2013 im positiven Sinn.\u00a0<em>\u201eWir haben uns da wirklich reingeh\u00e4ngt und das Zusammenspiel Schritt f\u00fcr Schritt selbst aufgebaut\u201c,<\/em>\u00a0sagt Christian Nordendorf. Man h\u00f6rt ihm an, dass das kein Sch\u00f6nreden ist. Der Prozess war intensiv, manchmal knifflig, aber eben auch ein gemeinsamer Kraftmoment, der die Bank heute breiter und stabiler dastehen l\u00e4sst. Ein Kraftakt, aber einer, der sich sichtbar gelohnt hat. Das Gesch\u00e4ftsgebiet ist gr\u00f6\u00dfer, die Kundenbasis breiter \u2013 und das Fundament wirkt solide.<\/p>\n\n\n\n<p>Vorstandskollege Michael Schwartke beschreibt die Entwicklung \u00e4hnlich pragmatisch:&nbsp;<em>\u201eUnsere Privat- und Firmenkunden bekommen das Beste aus beiden Welten: die N\u00e4he und Verl\u00e4sslichkeit von hier, plus neue Angebote, die wir nach und nach weiter ausbauen.\u201c<\/em><\/p>\n\n\n\n<p><strong>Solide Zahlen \u2013 und R\u00fcckenwind von Mitgliedern und Kunden<\/strong><\/p>\n\n\n\n<p>Die Volksbank kann f\u00fcr 2025 erneut gute Ergebnisse vorzeigen. Die Bilanzsumme kletterte auf&nbsp;<strong>1.086,6 Millionen Euro<\/strong>, ein Plus von 2,0 Prozent.<br>Vorstand Martin Rekers stellt die Zahlen mit seinen Kollegen vor und macht keinen Hehl daraus, dass die Bank damit ihren Weg der vergangenen Jahre weiter best\u00e4tigt sieht.<\/p>\n\n\n\n<p>Stabile Entwicklung in den wichtigsten Gesch\u00e4ftsbereichen<\/p>\n\n\n\n<ul class=\"wp-block-list\">\n<li>Die Forderungen an Kunden legten um 2,9 Prozent auf 823,8 Millionen Euro zu \u2013 ein Zeichen, dass die Finanzierungslust in der Region trotz aller Unsicherheiten bleibt.<\/li>\n\n\n\n<li>Das betreute Kundenkreditvolumen wuchs um 3,2 Prozent auf 1.203,3\u00a0Millionen Euro.<\/li>\n\n\n\n<li>Auf der Kunden-Einlagenseite ging es besonders kr\u00e4ftig nach oben: +9,3 Prozent auf 672,2 Millionen Euro.<\/li>\n\n\n\n<li>Das betreute Kundenvolumen erreichte mit 2.304,0 Millionen Euro ein neues Allzeithoch, 5,7 Prozent mehr als im Vorjahr.<\/li>\n<\/ul>\n\n\n\n<p>Vorstand Marc Trzcinski bringt diese Entwicklung in einem knappen Satz auf den Punkt:&nbsp;<em>\u201eDiese Zahlen zeigen vor allem eines: Vertrauen.\u201c<\/em><\/p>\n\n\n\n<p><strong>Mitgliederzahl w\u00e4chst weiter<\/strong><\/p>\n\n\n\n<p>Auch die genossenschaftliche Basis steht gut da.<br><strong>12.691 Mitglieder<\/strong>, ein Plus von 3,3 Prozent \u2013 und damit ein klares Signal, dass das Modell einer regional verwurzelten Genossenschaftsbank weiterhin ankommt. Christian Nordendorf sieht darin ein klares Zeichen:&nbsp;<em>\u201eWenn Menschen freiwillig mitmachen, ist das das ehrlichste Kompliment.\u201c<\/em><\/p>\n\n\n\n<p><strong>Ergebnis gesteigert \u2013 aber Wachsamkeit bleibt gefragt<\/strong><\/p>\n\n\n\n<p>Mit 10,12 Millionen Euro konnte das ordentliche Betriebsergebnis erneut gesteigert werden.<br>Der Vorstand macht jedoch deutlich, dass dies kein Selbstl\u00e4ufer war: Die wirtschaftlichen Rahmenbedingungen bleiben anspruchsvoll \u2013 von Kostensteigerungen \u00fcber geopolitische Unsicherheiten bis hin zu einer weiterhin vorsichtigen Investitionsbereitschaft.<\/p>\n\n\n\n<p>\u201eGerade deshalb sind wir zufrieden, aber nicht selbstzufrieden\u201c, betont Martin Rekers.<\/p>\n\n\n\n<p><strong>Mit R\u00fcckenwind in die n\u00e4chsten Jahre<\/strong><\/p>\n\n\n\n<p>Zum Abschluss richtet Hubertus Rekers den Blick nach vorne:&nbsp;<em>\u201eWir bleiben auf unserem Kurs als starke Regionalbank. Und wir werden der Vertreterversammlung erneut eine angemessene Dividende vorschlagen.\u201c<\/em><\/p>\n\n\n\n<p>Die Volksbank in der Hohen Mark eG geht damit zuversichtlich in die kommenden Jahre \u2013 getragen von stabilen Kennzahlen, einer wachsenden Mitgliederbasis und dem Vertrauen vieler Menschen in der Region.<\/p>\n\n\n\n<p><em>Titelbild (v.l.n.r.): Andrea Vehns (Generalbevollm\u00e4chtigte) , Marc Trzcinski (Vorstandsmitglied Marktbereich), Christian Nordendorf (Vorstandsmitglied Marktfolge), Michael Schwartke (Vorstandsmitglied Marktbereich), Hubertus Rekers (Vorstandsmitglied Immobilienanlagen &amp; Immobilient\u00f6chter), Martin Rekers (Vorstandsmitglied Betriebsbereich)<\/em><\/p>\n","protected":false},"excerpt":{"rendered":"<p>WERBUNG 11.03.2026 Gemen, Lembeck, Rhade, Reken (pm). 2025 war f\u00fcr die Volksbank in der Hohen Mark eG ein Jahr, in dem vieles in Bewegung war. Der Zusammenschluss mit der Volksbank Gemen hat nicht nur&#46;&#46;&#46;<\/p>\n","protected":false},"author":2,"featured_media":13593,"comment_status":"open","ping_status":"open","sticky":false,"template":"","format":"standard","meta":{"footnotes":""},"categories":[7],"tags":[],"class_list":["post-13592","post","type-post","status-publish","format-standard","has-post-thumbnail","hentry","category-geschaeftswelt"],"_links":{"self":[{"href":"https:\/\/reken-erleben.de\/index.php?rest_route=\/wp\/v2\/posts\/13592","targetHints":{"allow":["GET"]}}],"collection":[{"href":"https:\/\/reken-erleben.de\/index.php?rest_route=\/wp\/v2\/posts"}],"about":[{"href":"https:\/\/reken-erleben.de\/index.php?rest_route=\/wp\/v2\/types\/post"}],"author":[{"embeddable":true,"href":"https:\/\/reken-erleben.de\/index.php?rest_route=\/wp\/v2\/users\/2"}],"replies":[{"embeddable":true,"href":"https:\/\/reken-erleben.de\/index.php?rest_route=%2Fwp%2Fv2%2Fcomments&post=13592"}],"version-history":[{"count":1,"href":"https:\/\/reken-erleben.de\/index.php?rest_route=\/wp\/v2\/posts\/13592\/revisions"}],"predecessor-version":[{"id":13594,"href":"https:\/\/reken-erleben.de\/index.php?rest_route=\/wp\/v2\/posts\/13592\/revisions\/13594"}],"wp:featuredmedia":[{"embeddable":true,"href":"https:\/\/reken-erleben.de\/index.php?rest_route=\/wp\/v2\/media\/13593"}],"wp:attachment":[{"href":"https:\/\/reken-erleben.de\/index.php?rest_route=%2Fwp%2Fv2%2Fmedia&parent=13592"}],"wp:term":[{"taxonomy":"category","embeddable":true,"href":"https:\/\/reken-erleben.de\/index.php?rest_route=%2Fwp%2Fv2%2Fcategories&post=13592"},{"taxonomy":"post_tag","embeddable":true,"href":"https:\/\/reken-erleben.de\/index.php?rest_route=%2Fwp%2Fv2%2Ftags&post=13592"}],"curies":[{"name":"wp","href":"https:\/\/api.w.org\/{rel}","templated":true}]}}