{"id":13576,"date":"2026-03-10T18:12:46","date_gmt":"2026-03-10T16:12:46","guid":{"rendered":"https:\/\/reken-erleben.de\/?p=13576"},"modified":"2026-03-10T18:12:46","modified_gmt":"2026-03-10T16:12:46","slug":"haarige-zeiten-im-rekenforum","status":"publish","type":"post","link":"https:\/\/reken-erleben.de\/?p=13576","title":{"rendered":"Haarige Zeiten im RekenForum"},"content":{"rendered":"\n<p><strong>10.03.2026 Reken<\/strong> (bli). Der Raesfelder Theaterverein pr\u00e4sentierte am vergangenen Sonntag das St\u00fcck \u201eHoarige Tieden\u201c (Originaltitel: Haarige Zeiten) von Winnie Abel im ausverkauften RekenForum.\u00a0<\/p>\n\n\n\n<figure class=\"wp-block-gallery has-nested-images columns-default is-cropped wp-block-gallery-1 is-layout-flex wp-block-gallery-is-layout-flex\">\n<figure class=\"wp-block-image size-large\"><img fetchpriority=\"high\" decoding=\"async\" width=\"800\" height=\"533\" data-id=\"13579\" src=\"https:\/\/reken-erleben.de\/wp-content\/uploads\/2026\/03\/RaesfelderTheaterV-HaarigeZeiten-2026-BLippe-K2.jpg\" alt=\"\" class=\"wp-image-13579\" srcset=\"https:\/\/reken-erleben.de\/wp-content\/uploads\/2026\/03\/RaesfelderTheaterV-HaarigeZeiten-2026-BLippe-K2.jpg 800w, https:\/\/reken-erleben.de\/wp-content\/uploads\/2026\/03\/RaesfelderTheaterV-HaarigeZeiten-2026-BLippe-K2-300x200.jpg 300w, https:\/\/reken-erleben.de\/wp-content\/uploads\/2026\/03\/RaesfelderTheaterV-HaarigeZeiten-2026-BLippe-K2-768x512.jpg 768w\" sizes=\"(max-width: 800px) 100vw, 800px\" \/><figcaption class=\"wp-element-caption\">Der Brief vom Finanzamt, Angestellte Celina und Ehemann Thorsten Maschke<\/figcaption><\/figure>\n\n\n\n<figure class=\"wp-block-image size-large\"><img decoding=\"async\" width=\"800\" height=\"533\" data-id=\"13580\" src=\"https:\/\/reken-erleben.de\/wp-content\/uploads\/2026\/03\/RaesfelderTheaterV-HaarigeZeiten-2026-BLippe-K3.jpg\" alt=\"\" class=\"wp-image-13580\" srcset=\"https:\/\/reken-erleben.de\/wp-content\/uploads\/2026\/03\/RaesfelderTheaterV-HaarigeZeiten-2026-BLippe-K3.jpg 800w, https:\/\/reken-erleben.de\/wp-content\/uploads\/2026\/03\/RaesfelderTheaterV-HaarigeZeiten-2026-BLippe-K3-300x200.jpg 300w, https:\/\/reken-erleben.de\/wp-content\/uploads\/2026\/03\/RaesfelderTheaterV-HaarigeZeiten-2026-BLippe-K3-768x512.jpg 768w\" sizes=\"(max-width: 800px) 100vw, 800px\" \/><figcaption class=\"wp-element-caption\">Vertreter Klaus Schramm wird irrt\u00fcmlich f\u00fcr den Steuerberater gehalten<\/figcaption><\/figure>\n\n\n\n<figure class=\"wp-block-image size-large\"><img decoding=\"async\" width=\"800\" height=\"533\" data-id=\"13581\" src=\"https:\/\/reken-erleben.de\/wp-content\/uploads\/2026\/03\/RaesfelderTheaterV-HaarigeZeiten-2026-BLippe-K4.jpg\" alt=\"\" class=\"wp-image-13581\" srcset=\"https:\/\/reken-erleben.de\/wp-content\/uploads\/2026\/03\/RaesfelderTheaterV-HaarigeZeiten-2026-BLippe-K4.jpg 800w, https:\/\/reken-erleben.de\/wp-content\/uploads\/2026\/03\/RaesfelderTheaterV-HaarigeZeiten-2026-BLippe-K4-300x200.jpg 300w, https:\/\/reken-erleben.de\/wp-content\/uploads\/2026\/03\/RaesfelderTheaterV-HaarigeZeiten-2026-BLippe-K4-768x512.jpg 768w\" sizes=\"(max-width: 800px) 100vw, 800px\" \/><figcaption class=\"wp-element-caption\">Steuerberater Sven Stanz im Gespr\u00e4ch mit Ehemann<\/figcaption><\/figure>\n\n\n\n<figure class=\"wp-block-image size-large\"><img loading=\"lazy\" decoding=\"async\" width=\"800\" height=\"533\" data-id=\"13583\" src=\"https:\/\/reken-erleben.de\/wp-content\/uploads\/2026\/03\/RaesfelderTheaterV-HaarigeZeiten-2026-BLippe-K6.jpg\" alt=\"\" class=\"wp-image-13583\" srcset=\"https:\/\/reken-erleben.de\/wp-content\/uploads\/2026\/03\/RaesfelderTheaterV-HaarigeZeiten-2026-BLippe-K6.jpg 800w, https:\/\/reken-erleben.de\/wp-content\/uploads\/2026\/03\/RaesfelderTheaterV-HaarigeZeiten-2026-BLippe-K6-300x200.jpg 300w, https:\/\/reken-erleben.de\/wp-content\/uploads\/2026\/03\/RaesfelderTheaterV-HaarigeZeiten-2026-BLippe-K6-768x512.jpg 768w\" sizes=\"(max-width: 800px) 100vw, 800px\" \/><figcaption class=\"wp-element-caption\">Celina und fanatischer Swifti Katharina Haas<\/figcaption><\/figure>\n<\/figure>\n\n\n\n<p>Die B\u00fchne hatte sich in einen Friseursalon der Friseurmeisterin Moni Matschke verwandelt. Ein Brief verk\u00fcndete Unheil, eine Betriebspr\u00fcfung durch das Finanzamt. Schnell wurde klar, dass ihr Ehemann Thorsten bei der Steuererkl\u00e4rung geschummelt hatte. Private M\u00f6bel und Inventar, wie Campingst\u00fchle und Hometrainer, wurden kurzerhand im Salon platziert. Au\u00dferdem musste ein Ersatz f\u00fcr den exzentrischer Friseur Silvio, der bereits gek\u00fcndigt hatte, und f\u00fcr die Putzfrau, die es eigentlich nicht gab, gefunden werden. Zu allem \u00dcbel entpuppte sich der Finanzbeamter als der Exfreund von Moni, dem sehr daran gelegen war, seinen ehemaligen Rivalen des Steuerbetruges zu \u00fcberf\u00fchren. F\u00fcr weiteres Chaos sorgten die naive Angestellte Celina, die Kundinnen und ein Vertreter. F\u00fcr Moni war es nicht immer leicht die Nerven zu behalten, damit der Steuerbetrug nicht aufflog.<\/p>\n\n\n\n<figure class=\"wp-block-gallery has-nested-images columns-default is-cropped wp-block-gallery-2 is-layout-flex wp-block-gallery-is-layout-flex\">\n<figure class=\"wp-block-image size-large\"><img loading=\"lazy\" decoding=\"async\" width=\"800\" height=\"533\" data-id=\"13582\" src=\"https:\/\/reken-erleben.de\/wp-content\/uploads\/2026\/03\/RaesfelderTheaterV-HaarigeZeiten-2026-BLippe-K5.jpg\" alt=\"\" class=\"wp-image-13582\" srcset=\"https:\/\/reken-erleben.de\/wp-content\/uploads\/2026\/03\/RaesfelderTheaterV-HaarigeZeiten-2026-BLippe-K5.jpg 800w, https:\/\/reken-erleben.de\/wp-content\/uploads\/2026\/03\/RaesfelderTheaterV-HaarigeZeiten-2026-BLippe-K5-300x200.jpg 300w, https:\/\/reken-erleben.de\/wp-content\/uploads\/2026\/03\/RaesfelderTheaterV-HaarigeZeiten-2026-BLippe-K5-768x512.jpg 768w\" sizes=\"(max-width: 800px) 100vw, 800px\" \/><figcaption class=\"wp-element-caption\">&#8222;Schutzhund&#8220; Daisy ist nicht steuerlich absetzbar<\/figcaption><\/figure>\n\n\n\n<figure class=\"wp-block-image size-large\"><img loading=\"lazy\" decoding=\"async\" width=\"800\" height=\"533\" data-id=\"13584\" src=\"https:\/\/reken-erleben.de\/wp-content\/uploads\/2026\/03\/RaesfelderTheaterV-HaarigeZeiten-2026-BLippe-K7.jpg\" alt=\"\" class=\"wp-image-13584\" srcset=\"https:\/\/reken-erleben.de\/wp-content\/uploads\/2026\/03\/RaesfelderTheaterV-HaarigeZeiten-2026-BLippe-K7.jpg 800w, https:\/\/reken-erleben.de\/wp-content\/uploads\/2026\/03\/RaesfelderTheaterV-HaarigeZeiten-2026-BLippe-K7-300x200.jpg 300w, https:\/\/reken-erleben.de\/wp-content\/uploads\/2026\/03\/RaesfelderTheaterV-HaarigeZeiten-2026-BLippe-K7-768x512.jpg 768w\" sizes=\"(max-width: 800px) 100vw, 800px\" \/><figcaption class=\"wp-element-caption\">Thorsten Maschke als Silvio<\/figcaption><\/figure>\n\n\n\n<figure class=\"wp-block-image size-large\"><img loading=\"lazy\" decoding=\"async\" width=\"800\" height=\"533\" data-id=\"13585\" src=\"https:\/\/reken-erleben.de\/wp-content\/uploads\/2026\/03\/RaesfelderTheaterV-HaarigeZeiten-2026-BLippe-K8.jpg\" alt=\"\" class=\"wp-image-13585\" srcset=\"https:\/\/reken-erleben.de\/wp-content\/uploads\/2026\/03\/RaesfelderTheaterV-HaarigeZeiten-2026-BLippe-K8.jpg 800w, https:\/\/reken-erleben.de\/wp-content\/uploads\/2026\/03\/RaesfelderTheaterV-HaarigeZeiten-2026-BLippe-K8-300x200.jpg 300w, https:\/\/reken-erleben.de\/wp-content\/uploads\/2026\/03\/RaesfelderTheaterV-HaarigeZeiten-2026-BLippe-K8-768x512.jpg 768w\" sizes=\"(max-width: 800px) 100vw, 800px\" \/><figcaption class=\"wp-element-caption\">Die hysterische Braut Anna falsch geschminkt<\/figcaption><\/figure>\n\n\n\n<figure class=\"wp-block-image size-large\"><img loading=\"lazy\" decoding=\"async\" width=\"800\" height=\"533\" data-id=\"13586\" src=\"https:\/\/reken-erleben.de\/wp-content\/uploads\/2026\/03\/RaesfelderTheaterV-HaarigeZeiten-2026-BLippe-K9.jpg\" alt=\"\" class=\"wp-image-13586\" srcset=\"https:\/\/reken-erleben.de\/wp-content\/uploads\/2026\/03\/RaesfelderTheaterV-HaarigeZeiten-2026-BLippe-K9.jpg 800w, https:\/\/reken-erleben.de\/wp-content\/uploads\/2026\/03\/RaesfelderTheaterV-HaarigeZeiten-2026-BLippe-K9-300x200.jpg 300w, https:\/\/reken-erleben.de\/wp-content\/uploads\/2026\/03\/RaesfelderTheaterV-HaarigeZeiten-2026-BLippe-K9-768x512.jpg 768w\" sizes=\"(max-width: 800px) 100vw, 800px\" \/><figcaption class=\"wp-element-caption\">Der echte Silvio ist wieder da.<\/figcaption><\/figure>\n<\/figure>\n\n\n\n<p>Zum Ensemble geh\u00f6ren 10 Darsteller, die es immer wieder verstehen durch ihr schauspielerisches K\u00f6nnen, das Publikum in ihren Bann zu ziehen und zum Lachen zu bringen.&nbsp;<\/p>\n\n\n\n<figure class=\"wp-block-gallery has-nested-images columns-default is-cropped wp-block-gallery-3 is-layout-flex wp-block-gallery-is-layout-flex\">\n<figure class=\"wp-block-image size-large\"><img loading=\"lazy\" decoding=\"async\" width=\"800\" height=\"533\" data-id=\"13588\" src=\"https:\/\/reken-erleben.de\/wp-content\/uploads\/2026\/03\/RaesfelderTheaterV-HaarigeZeiten-2026-BLippe-K11.jpg\" alt=\"\" class=\"wp-image-13588\" srcset=\"https:\/\/reken-erleben.de\/wp-content\/uploads\/2026\/03\/RaesfelderTheaterV-HaarigeZeiten-2026-BLippe-K11.jpg 800w, https:\/\/reken-erleben.de\/wp-content\/uploads\/2026\/03\/RaesfelderTheaterV-HaarigeZeiten-2026-BLippe-K11-300x200.jpg 300w, https:\/\/reken-erleben.de\/wp-content\/uploads\/2026\/03\/RaesfelderTheaterV-HaarigeZeiten-2026-BLippe-K11-768x512.jpg 768w\" sizes=\"(max-width: 800px) 100vw, 800px\" \/><figcaption class=\"wp-element-caption\">Der Steuerbetrug fliegt auf<\/figcaption><\/figure>\n\n\n\n<figure class=\"wp-block-image size-large\"><img loading=\"lazy\" decoding=\"async\" width=\"800\" height=\"533\" data-id=\"13589\" src=\"https:\/\/reken-erleben.de\/wp-content\/uploads\/2026\/03\/RaesfelderTheaterV-HaarigeZeiten-2026-BLippe-K12.jpg\" alt=\"\" class=\"wp-image-13589\" srcset=\"https:\/\/reken-erleben.de\/wp-content\/uploads\/2026\/03\/RaesfelderTheaterV-HaarigeZeiten-2026-BLippe-K12.jpg 800w, https:\/\/reken-erleben.de\/wp-content\/uploads\/2026\/03\/RaesfelderTheaterV-HaarigeZeiten-2026-BLippe-K12-300x200.jpg 300w, https:\/\/reken-erleben.de\/wp-content\/uploads\/2026\/03\/RaesfelderTheaterV-HaarigeZeiten-2026-BLippe-K12-768x512.jpg 768w\" sizes=\"(max-width: 800px) 100vw, 800px\" \/><\/figure>\n\n\n\n<figure class=\"wp-block-image size-large\"><img loading=\"lazy\" decoding=\"async\" width=\"800\" height=\"533\" data-id=\"13590\" src=\"https:\/\/reken-erleben.de\/wp-content\/uploads\/2026\/03\/RaesfelderTheaterV-HaarigeZeiten-2026-BLippe-K13.jpg\" alt=\"\" class=\"wp-image-13590\" srcset=\"https:\/\/reken-erleben.de\/wp-content\/uploads\/2026\/03\/RaesfelderTheaterV-HaarigeZeiten-2026-BLippe-K13.jpg 800w, https:\/\/reken-erleben.de\/wp-content\/uploads\/2026\/03\/RaesfelderTheaterV-HaarigeZeiten-2026-BLippe-K13-300x200.jpg 300w, https:\/\/reken-erleben.de\/wp-content\/uploads\/2026\/03\/RaesfelderTheaterV-HaarigeZeiten-2026-BLippe-K13-768x512.jpg 768w\" sizes=\"(max-width: 800px) 100vw, 800px\" \/><figcaption class=\"wp-element-caption\">Am Ende wird alles gut<\/figcaption><\/figure>\n<\/figure>\n\n\n\n<p><strong>Darsteller:<\/strong><br>Moni Matschke \u2013 Tanja Meier<br>Thorsten Matschke \u2013 Thomas Nie\u00dfing<br>Naive Angestellte Celina \u2013 Ulrike Nie\u00dfing<br>Steuerpr\u00fcfer Sven Stanz \u2013 Klemenz Hoffjann<br>Exzentrischer Friseur Silvio \u2013 Josef Nie\u00dfing<br>Kundinnen gespielt von Andra Epping, Christa Nie\u00dfing und Isabell Marpert<br>Monis Freundin &#8211; Annette H\u00f6lling<br>Vertreter Klaus Schramm \u2013 Dirk M\u00f6llmann<\/p>\n\n\n\n<p><strong>Im Hintergrund wirkten mit:\u00a0<\/strong><br>Ulla Stenkamp (Souffleuse), Wilma Teminghoff und Doris Eming (Maske), Jan-Felix Nagel (Technik)\u00a0<\/p>\n\n\n\n<figure class=\"wp-block-image size-full\"><img loading=\"lazy\" decoding=\"async\" width=\"800\" height=\"533\" src=\"https:\/\/reken-erleben.de\/wp-content\/uploads\/2026\/03\/RaesfelderTheaterV-HaarigeZeiten-2026-BLippe-Gruppe.jpg\" alt=\"\" class=\"wp-image-13577\" srcset=\"https:\/\/reken-erleben.de\/wp-content\/uploads\/2026\/03\/RaesfelderTheaterV-HaarigeZeiten-2026-BLippe-Gruppe.jpg 800w, https:\/\/reken-erleben.de\/wp-content\/uploads\/2026\/03\/RaesfelderTheaterV-HaarigeZeiten-2026-BLippe-Gruppe-300x200.jpg 300w, https:\/\/reken-erleben.de\/wp-content\/uploads\/2026\/03\/RaesfelderTheaterV-HaarigeZeiten-2026-BLippe-Gruppe-768x512.jpg 768w\" sizes=\"(max-width: 800px) 100vw, 800px\" \/><\/figure>\n","protected":false},"excerpt":{"rendered":"<p>10.03.2026 Reken (bli). Der Raesfelder Theaterverein pr\u00e4sentierte am vergangenen Sonntag das St\u00fcck \u201eHoarige Tieden\u201c (Originaltitel: Haarige Zeiten) von Winnie Abel im ausverkauften RekenForum.\u00a0 Die B\u00fchne hatte sich in einen Friseursalon der Friseurmeisterin Moni Matschke&#46;&#46;&#46;<\/p>\n","protected":false},"author":2,"featured_media":13578,"comment_status":"open","ping_status":"open","sticky":false,"template":"","format":"standard","meta":{"footnotes":""},"categories":[4],"tags":[],"class_list":["post-13576","post","type-post","status-publish","format-standard","has-post-thumbnail","hentry","category-aktuelles"],"_links":{"self":[{"href":"https:\/\/reken-erleben.de\/index.php?rest_route=\/wp\/v2\/posts\/13576","targetHints":{"allow":["GET"]}}],"collection":[{"href":"https:\/\/reken-erleben.de\/index.php?rest_route=\/wp\/v2\/posts"}],"about":[{"href":"https:\/\/reken-erleben.de\/index.php?rest_route=\/wp\/v2\/types\/post"}],"author":[{"embeddable":true,"href":"https:\/\/reken-erleben.de\/index.php?rest_route=\/wp\/v2\/users\/2"}],"replies":[{"embeddable":true,"href":"https:\/\/reken-erleben.de\/index.php?rest_route=%2Fwp%2Fv2%2Fcomments&post=13576"}],"version-history":[{"count":1,"href":"https:\/\/reken-erleben.de\/index.php?rest_route=\/wp\/v2\/posts\/13576\/revisions"}],"predecessor-version":[{"id":13591,"href":"https:\/\/reken-erleben.de\/index.php?rest_route=\/wp\/v2\/posts\/13576\/revisions\/13591"}],"wp:featuredmedia":[{"embeddable":true,"href":"https:\/\/reken-erleben.de\/index.php?rest_route=\/wp\/v2\/media\/13578"}],"wp:attachment":[{"href":"https:\/\/reken-erleben.de\/index.php?rest_route=%2Fwp%2Fv2%2Fmedia&parent=13576"}],"wp:term":[{"taxonomy":"category","embeddable":true,"href":"https:\/\/reken-erleben.de\/index.php?rest_route=%2Fwp%2Fv2%2Fcategories&post=13576"},{"taxonomy":"post_tag","embeddable":true,"href":"https:\/\/reken-erleben.de\/index.php?rest_route=%2Fwp%2Fv2%2Ftags&post=13576"}],"curies":[{"name":"wp","href":"https:\/\/api.w.org\/{rel}","templated":true}]}}