{"id":13557,"date":"2026-03-09T14:36:44","date_gmt":"2026-03-09T12:36:44","guid":{"rendered":"https:\/\/reken-erleben.de\/?p=13557"},"modified":"2026-03-09T14:36:44","modified_gmt":"2026-03-09T12:36:44","slug":"neueroeffnungsfeier-raiffeisen-markt-in-bahnhof-reken","status":"publish","type":"post","link":"https:\/\/reken-erleben.de\/?p=13557","title":{"rendered":"Neuer\u00f6ffnungsfeier &#8211; Raiffeisen-Markt in Bahnhof Reken"},"content":{"rendered":"\n<p><strong>WERBUNG<\/strong><br><strong>09.03.2026 Bhf. Reken<\/strong> (bli). \u201eMit diesem neuen Markt setzten wir ein Zeichen f\u00fcr die Entwicklung der Raiffeisen-M\u00e4rkte hier am Standort in Reken\u201c, Michael Stienen, Vorstandsvorsitzender der Raiffeisen\u00a0Hohe\u00a0Mark Hamaland (RHMH), begr\u00fc\u00dfte die zahlreichen G\u00e4ste. Am Sonntagvormittag hatte die Genossenschaft zu einer offiziellen Er\u00f6ffnungsfeier eingeladen, die an dem sonnigen Fr\u00fchlingstag drau\u00dfen auf der Parkfl\u00e4che stattfand.<\/p>\n\n\n\n<figure class=\"wp-block-image size-full\"><img fetchpriority=\"high\" decoding=\"async\" width=\"800\" height=\"533\" src=\"https:\/\/reken-erleben.de\/wp-content\/uploads\/2026\/03\/RaiffeisenMarkt-Neueroeffnung-2026-BLippe-E3.jpg\" alt=\"\" class=\"wp-image-13563\" srcset=\"https:\/\/reken-erleben.de\/wp-content\/uploads\/2026\/03\/RaiffeisenMarkt-Neueroeffnung-2026-BLippe-E3.jpg 800w, https:\/\/reken-erleben.de\/wp-content\/uploads\/2026\/03\/RaiffeisenMarkt-Neueroeffnung-2026-BLippe-E3-300x200.jpg 300w, https:\/\/reken-erleben.de\/wp-content\/uploads\/2026\/03\/RaiffeisenMarkt-Neueroeffnung-2026-BLippe-E3-768x512.jpg 768w\" sizes=\"(max-width: 800px) 100vw, 800px\" \/><\/figure>\n\n\n\n<p>B\u00fcrgermeister Manuel Deitert gratulierte der RHMH zu diesem Markt, der einen gro\u00dfen Beitrag zur Lebensqualit\u00e4t der B\u00fcrger in Reken leistet, f\u00fcr Kunden und als Arbeitgeber. Als Geschenk \u00fcberreichte er Michael Stienen und Dirk Breul, gesch\u00e4ftsf\u00fchrender Vorstand der RHMH, ein Bild vom Naturpark&nbsp;Hohe&nbsp;Mark und eine Design-Flasche mit \u201eRekener&nbsp;Spezial\u201c.<\/p>\n\n\n\n<figure class=\"wp-block-image size-full\"><img decoding=\"async\" width=\"800\" height=\"533\" src=\"https:\/\/reken-erleben.de\/wp-content\/uploads\/2026\/03\/RaiffeisenMarkt-Neueroeffnung-2026-BLippe-E4.jpg\" alt=\"\" class=\"wp-image-13564\" srcset=\"https:\/\/reken-erleben.de\/wp-content\/uploads\/2026\/03\/RaiffeisenMarkt-Neueroeffnung-2026-BLippe-E4.jpg 800w, https:\/\/reken-erleben.de\/wp-content\/uploads\/2026\/03\/RaiffeisenMarkt-Neueroeffnung-2026-BLippe-E4-300x200.jpg 300w, https:\/\/reken-erleben.de\/wp-content\/uploads\/2026\/03\/RaiffeisenMarkt-Neueroeffnung-2026-BLippe-E4-768x512.jpg 768w\" sizes=\"(max-width: 800px) 100vw, 800px\" \/><\/figure>\n\n\n\n<div class=\"wp-block-media-text is-stacked-on-mobile\"><figure class=\"wp-block-media-text__media\"><img decoding=\"async\" width=\"400\" height=\"600\" src=\"https:\/\/reken-erleben.de\/wp-content\/uploads\/2026\/03\/RaiffeisenMarkt-Neueroeffnung-2026-BLippe-E5.jpg\" alt=\"\" class=\"wp-image-13565 size-full\" srcset=\"https:\/\/reken-erleben.de\/wp-content\/uploads\/2026\/03\/RaiffeisenMarkt-Neueroeffnung-2026-BLippe-E5.jpg 400w, https:\/\/reken-erleben.de\/wp-content\/uploads\/2026\/03\/RaiffeisenMarkt-Neueroeffnung-2026-BLippe-E5-200x300.jpg 200w\" sizes=\"(max-width: 400px) 100vw, 400px\" \/><\/figure><div class=\"wp-block-media-text__content\">\n<p><span style=\"font-family: -webkit-standard; white-space: normal;\">Die Kunden in Bahnhof Reken d\u00fcrfen sich nicht nur \u00fcber mehr Parkfl\u00e4che freuen, sondern insbesondere auf ein gr\u00f6\u00dferes Warenangebot. Auf einer Grundst\u00fccksfl\u00e4che von rund 10.000 Quadratmeter wurde ein Markt errichtet mit 2.500 Quadratmeter Verkaufsfl\u00e4che. Dirk Breul blickte in seiner Rede zur\u00fcck auf die 15-monatige Bauzeit. Vertreter der am Neubau beteiligten Unternehmen waren am Sonntag als G\u00e4ste geladen worden.\u00a0<\/span><\/p>\n<\/div><\/div>\n\n\n\n<p>Im Anschluss segnete Pfarrer Thomas Hatwig die Menschen, die in dem Raiffeisen-Markt arbeiten und die hier ein- und ausgehen. Dabei wurde er begleitet von \u201eMessdiener\u201c Dirk Breul.&nbsp;<\/p>\n\n\n\n<figure class=\"wp-block-image size-full\"><img loading=\"lazy\" decoding=\"async\" width=\"800\" height=\"533\" src=\"https:\/\/reken-erleben.de\/wp-content\/uploads\/2026\/03\/RaiffeisenMarkt-Neueroeffnung-2026-BLippe-6-Segen.jpg\" alt=\"\" class=\"wp-image-13558\" srcset=\"https:\/\/reken-erleben.de\/wp-content\/uploads\/2026\/03\/RaiffeisenMarkt-Neueroeffnung-2026-BLippe-6-Segen.jpg 800w, https:\/\/reken-erleben.de\/wp-content\/uploads\/2026\/03\/RaiffeisenMarkt-Neueroeffnung-2026-BLippe-6-Segen-300x200.jpg 300w, https:\/\/reken-erleben.de\/wp-content\/uploads\/2026\/03\/RaiffeisenMarkt-Neueroeffnung-2026-BLippe-6-Segen-768x512.jpg 768w\" sizes=\"(max-width: 800px) 100vw, 800px\" \/><\/figure>\n\n\n\n<p>Mit der Schl\u00fcssel\u00fcbergabe durch Wolfgang Zimmermann, Teamleiter&nbsp;Agravis&nbsp;Projektbau, an die Vorstandsmitglieder der RHMH sowie an Isabel&nbsp;Piotroswki, Bereichsleitung Einzelhandel und Marktleiterin Judith&nbsp;Bronnert, endete die offizielle Veranstaltung.<\/p>\n\n\n\n<figure class=\"wp-block-image size-full\"><img loading=\"lazy\" decoding=\"async\" width=\"800\" height=\"533\" src=\"https:\/\/reken-erleben.de\/wp-content\/uploads\/2026\/03\/RaiffeisenMarkt-Neueroeffnung-2026-BLippe-7-Schluessel.jpg\" alt=\"\" class=\"wp-image-13559\" srcset=\"https:\/\/reken-erleben.de\/wp-content\/uploads\/2026\/03\/RaiffeisenMarkt-Neueroeffnung-2026-BLippe-7-Schluessel.jpg 800w, https:\/\/reken-erleben.de\/wp-content\/uploads\/2026\/03\/RaiffeisenMarkt-Neueroeffnung-2026-BLippe-7-Schluessel-300x200.jpg 300w, https:\/\/reken-erleben.de\/wp-content\/uploads\/2026\/03\/RaiffeisenMarkt-Neueroeffnung-2026-BLippe-7-Schluessel-768x512.jpg 768w\" sizes=\"(max-width: 800px) 100vw, 800px\" \/><\/figure>\n\n\n\n<figure class=\"wp-block-image size-full\"><img loading=\"lazy\" decoding=\"async\" width=\"800\" height=\"533\" src=\"https:\/\/reken-erleben.de\/wp-content\/uploads\/2026\/03\/RaiffeisenMarkt-Neueroeffnung-2026-BLippe-E2.jpg\" alt=\"\" class=\"wp-image-13562\" srcset=\"https:\/\/reken-erleben.de\/wp-content\/uploads\/2026\/03\/RaiffeisenMarkt-Neueroeffnung-2026-BLippe-E2.jpg 800w, https:\/\/reken-erleben.de\/wp-content\/uploads\/2026\/03\/RaiffeisenMarkt-Neueroeffnung-2026-BLippe-E2-300x200.jpg 300w, https:\/\/reken-erleben.de\/wp-content\/uploads\/2026\/03\/RaiffeisenMarkt-Neueroeffnung-2026-BLippe-E2-768x512.jpg 768w\" sizes=\"(max-width: 800px) 100vw, 800px\" \/><\/figure>\n\n\n\n<p>Mit einem verkaufsoffenen Sonntag von 13 bis 18 Uhr wurde dieser besondere Tag \u00f6ffentlich gefeiert und lockte unz\u00e4hlige Besucher an. Viele nutzten das Angebot von 20 Prozent. In kurzer Zeit bildeten sich vor den Kassen lange Schlangen. Die Kinder hatten reichlich Spa\u00df beispielsweise beim Bungee Trampolin, und Trettrecker-Parcours. Gewinnspiele, Maschinen-Ausstellung und rollende Waldschule zogen Gro\u00df und Klein gleicherma\u00dfen an. F\u00fcr musikalische Unterhaltung sorgten die Jagdhornbl\u00e4ser des Hegering Reken und das Orchester \u201eWestfalen 7\u201c. Und f\u00fcr einen Imbiss hatten die&nbsp;Bruzelbude, das Kaffee- und&nbsp;Kuchenzelt, der Wildstand und der Waffelstand ge\u00f6ffnet.&nbsp;<\/p>\n\n\n\n<figure class=\"wp-block-gallery has-nested-images columns-default is-cropped wp-block-gallery-1 is-layout-flex wp-block-gallery-is-layout-flex\">\n<figure class=\"wp-block-image size-large\"><img loading=\"lazy\" decoding=\"async\" width=\"800\" height=\"533\" data-id=\"13560\" src=\"https:\/\/reken-erleben.de\/wp-content\/uploads\/2026\/03\/RaiffeisenMarkt-Neueroeffnung-2026-BLippe-8-Waldschule.jpg\" alt=\"\" class=\"wp-image-13560\" srcset=\"https:\/\/reken-erleben.de\/wp-content\/uploads\/2026\/03\/RaiffeisenMarkt-Neueroeffnung-2026-BLippe-8-Waldschule.jpg 800w, https:\/\/reken-erleben.de\/wp-content\/uploads\/2026\/03\/RaiffeisenMarkt-Neueroeffnung-2026-BLippe-8-Waldschule-300x200.jpg 300w, https:\/\/reken-erleben.de\/wp-content\/uploads\/2026\/03\/RaiffeisenMarkt-Neueroeffnung-2026-BLippe-8-Waldschule-768x512.jpg 768w\" sizes=\"(max-width: 800px) 100vw, 800px\" \/><figcaption class=\"wp-element-caption\">Rollende Waldschule<\/figcaption><\/figure>\n\n\n\n<figure class=\"wp-block-image size-large\"><img loading=\"lazy\" decoding=\"async\" width=\"800\" height=\"600\" data-id=\"13566\" src=\"https:\/\/reken-erleben.de\/wp-content\/uploads\/2026\/03\/RaiffeisenMarkt-Neueroeffnung-2026-BLippe-M11.jpg\" alt=\"\" class=\"wp-image-13566\" srcset=\"https:\/\/reken-erleben.de\/wp-content\/uploads\/2026\/03\/RaiffeisenMarkt-Neueroeffnung-2026-BLippe-M11.jpg 800w, https:\/\/reken-erleben.de\/wp-content\/uploads\/2026\/03\/RaiffeisenMarkt-Neueroeffnung-2026-BLippe-M11-300x225.jpg 300w, https:\/\/reken-erleben.de\/wp-content\/uploads\/2026\/03\/RaiffeisenMarkt-Neueroeffnung-2026-BLippe-M11-768x576.jpg 768w\" sizes=\"(max-width: 800px) 100vw, 800px\" \/><\/figure>\n\n\n\n<figure class=\"wp-block-image size-large\"><img loading=\"lazy\" decoding=\"async\" width=\"800\" height=\"600\" data-id=\"13567\" src=\"https:\/\/reken-erleben.de\/wp-content\/uploads\/2026\/03\/RaiffeisenMarkt-Neueroeffnung-2026-BLippe-M12.jpg\" alt=\"\" class=\"wp-image-13567\" srcset=\"https:\/\/reken-erleben.de\/wp-content\/uploads\/2026\/03\/RaiffeisenMarkt-Neueroeffnung-2026-BLippe-M12.jpg 800w, https:\/\/reken-erleben.de\/wp-content\/uploads\/2026\/03\/RaiffeisenMarkt-Neueroeffnung-2026-BLippe-M12-300x225.jpg 300w, https:\/\/reken-erleben.de\/wp-content\/uploads\/2026\/03\/RaiffeisenMarkt-Neueroeffnung-2026-BLippe-M12-768x576.jpg 768w\" sizes=\"(max-width: 800px) 100vw, 800px\" \/><\/figure>\n\n\n\n<figure class=\"wp-block-image size-large\"><img loading=\"lazy\" decoding=\"async\" width=\"800\" height=\"600\" data-id=\"13561\" src=\"https:\/\/reken-erleben.de\/wp-content\/uploads\/2026\/03\/RaiffeisenMarkt-Neueroeffnung-2026-BLippe-9-W7.jpg\" alt=\"\" class=\"wp-image-13561\" srcset=\"https:\/\/reken-erleben.de\/wp-content\/uploads\/2026\/03\/RaiffeisenMarkt-Neueroeffnung-2026-BLippe-9-W7.jpg 800w, https:\/\/reken-erleben.de\/wp-content\/uploads\/2026\/03\/RaiffeisenMarkt-Neueroeffnung-2026-BLippe-9-W7-300x225.jpg 300w, https:\/\/reken-erleben.de\/wp-content\/uploads\/2026\/03\/RaiffeisenMarkt-Neueroeffnung-2026-BLippe-9-W7-768x576.jpg 768w\" sizes=\"(max-width: 800px) 100vw, 800px\" \/><figcaption class=\"wp-element-caption\">Westfalen 7<\/figcaption><\/figure>\n<\/figure>\n\n\n\n<p>Die Neuer\u00f6ffnung begeisterte die ganze Familie. Der Raiffeisen-Markt in Bahnhof Reken wurde sehr gut angenommen. Die Besucher \u00e4u\u00dferten sich \u00e4u\u00dferst zufrieden von dem neuen Angebot in der Gemeinde.<\/p>\n\n\n\n<figure class=\"wp-block-image size-full\"><img loading=\"lazy\" decoding=\"async\" width=\"800\" height=\"600\" src=\"https:\/\/reken-erleben.de\/wp-content\/uploads\/2026\/03\/RaiffeisenMarkt-Neueroeffnung-2026-BLippe-oS10.jpg\" alt=\"\" class=\"wp-image-13568\" srcset=\"https:\/\/reken-erleben.de\/wp-content\/uploads\/2026\/03\/RaiffeisenMarkt-Neueroeffnung-2026-BLippe-oS10.jpg 800w, https:\/\/reken-erleben.de\/wp-content\/uploads\/2026\/03\/RaiffeisenMarkt-Neueroeffnung-2026-BLippe-oS10-300x225.jpg 300w, https:\/\/reken-erleben.de\/wp-content\/uploads\/2026\/03\/RaiffeisenMarkt-Neueroeffnung-2026-BLippe-oS10-768x576.jpg 768w\" sizes=\"(max-width: 800px) 100vw, 800px\" \/><\/figure>\n","protected":false},"excerpt":{"rendered":"<p>WERBUNG09.03.2026 Bhf. Reken (bli). \u201eMit diesem neuen Markt setzten wir ein Zeichen f\u00fcr die Entwicklung der Raiffeisen-M\u00e4rkte hier am Standort in Reken\u201c, Michael Stienen, Vorstandsvorsitzender der Raiffeisen\u00a0Hohe\u00a0Mark Hamaland (RHMH), begr\u00fc\u00dfte die zahlreichen G\u00e4ste. Am&#46;&#46;&#46;<\/p>\n","protected":false},"author":2,"featured_media":13569,"comment_status":"open","ping_status":"open","sticky":false,"template":"","format":"standard","meta":{"footnotes":""},"categories":[7],"tags":[],"class_list":["post-13557","post","type-post","status-publish","format-standard","has-post-thumbnail","hentry","category-geschaeftswelt"],"_links":{"self":[{"href":"https:\/\/reken-erleben.de\/index.php?rest_route=\/wp\/v2\/posts\/13557","targetHints":{"allow":["GET"]}}],"collection":[{"href":"https:\/\/reken-erleben.de\/index.php?rest_route=\/wp\/v2\/posts"}],"about":[{"href":"https:\/\/reken-erleben.de\/index.php?rest_route=\/wp\/v2\/types\/post"}],"author":[{"embeddable":true,"href":"https:\/\/reken-erleben.de\/index.php?rest_route=\/wp\/v2\/users\/2"}],"replies":[{"embeddable":true,"href":"https:\/\/reken-erleben.de\/index.php?rest_route=%2Fwp%2Fv2%2Fcomments&post=13557"}],"version-history":[{"count":1,"href":"https:\/\/reken-erleben.de\/index.php?rest_route=\/wp\/v2\/posts\/13557\/revisions"}],"predecessor-version":[{"id":13570,"href":"https:\/\/reken-erleben.de\/index.php?rest_route=\/wp\/v2\/posts\/13557\/revisions\/13570"}],"wp:featuredmedia":[{"embeddable":true,"href":"https:\/\/reken-erleben.de\/index.php?rest_route=\/wp\/v2\/media\/13569"}],"wp:attachment":[{"href":"https:\/\/reken-erleben.de\/index.php?rest_route=%2Fwp%2Fv2%2Fmedia&parent=13557"}],"wp:term":[{"taxonomy":"category","embeddable":true,"href":"https:\/\/reken-erleben.de\/index.php?rest_route=%2Fwp%2Fv2%2Fcategories&post=13557"},{"taxonomy":"post_tag","embeddable":true,"href":"https:\/\/reken-erleben.de\/index.php?rest_route=%2Fwp%2Fv2%2Ftags&post=13557"}],"curies":[{"name":"wp","href":"https:\/\/api.w.org\/{rel}","templated":true}]}}