{"id":13555,"date":"2026-03-09T14:28:02","date_gmt":"2026-03-09T12:28:02","guid":{"rendered":"https:\/\/reken-erleben.de\/?p=13555"},"modified":"2026-03-09T14:29:16","modified_gmt":"2026-03-09T12:29:16","slug":"versuchter-einbruch-in-tank-und-rasthof-polizei-sucht-zeugen","status":"publish","type":"post","link":"https:\/\/reken-erleben.de\/?p=13555","title":{"rendered":"Versuchter Einbruch in Tank- und Rasthof &#8211; Polizei sucht Zeugen"},"content":{"rendered":"\n<p><a href=\"https:\/\/www.facebook.com\/sharer.php?u=https%3A%2F%2Fwww.presseportal.de%2Fblaulicht%2Fpm%2F24843%2F6231090%2F%3Futm_source%3Dfacebook%26utm_medium%3Dsocial\"><\/a><a href=\"https:\/\/twitter.com\/intent\/tweet?text=POL-BOR%3A%20Reken%20-%20Versuchter%20Einbruch%20in%20Tank-%20und%20Rasthof%20-%20Polizei%20sucht%20Zeugen&amp;url=https%3A%2F%2Fwww.presseportal.de%2Fblaulicht%2Fpm%2F24843%2F6231090%2F%3Futm_source%3Dtwitter%26utm_medium%3Dsocial&amp;hashtags=ots&amp;lang=de\"><\/a><a href=\"https:\/\/web.whatsapp.com\/send?text=POL-BOR%3A%20Reken%20-%20Versuchter%20Einbruch%20in%20Tank-%20und%20Rasthof%20-%20Polizei%20sucht%20Zeugen%0A%0Ahttps%3A%2F%2Fwww.presseportal.de%2Fblaulicht%2Fpm%2F24843%2F6231090%2F%3Futm_source%3Dwhatsapp%26utm_medium%3Dsocial\"><\/a><a href=\"https:\/\/www.xing.com\/app\/user?op=share;url=https%3A%2F%2Fwww.presseportal.de%2Fblaulicht%2Fpm%2F24843%2F6231090%2F%3Futm_source%3Dxing%26utm_medium%3Dsocial\"><\/a><a href=\"https:\/\/www.linkedin.com\/shareArticle?mini=true&amp;url=https%3A%2F%2Fwww.presseportal.de%2Fblaulicht%2Fpm%2F24843%2F6231090%2F%3Futm_source%3Dlinkedin%26utm_medium%3Dsocial&amp;title=POL-BOR%3A+Reken+-+Versuchter+Einbruch+in+Tank-+und+Rasthof+-+Polizei+sucht+Zeugen\"><\/a><a href=\"mailto:?subject=POL-BOR%3A%20Reken%20-%20Versuchter%20Einbruch%20in%20Tank-%20und%20Rasthof%20-%20Polizei%20sucht%20Zeugen&amp;body=https:\/\/www.presseportal.de\/blaulicht\/pm\/24843\/6231090\"><\/a><\/p>\n\n\n\n<p><strong>09.03.2026 Reken<\/strong><em>\u00a0(ots)<\/em>. Tatort: Reken, Bahnhofstra\u00dfe; Tatzeit: 08.03.2026, 03.25 Uhr.<\/p>\n\n\n\n<p>Unbekannte T\u00e4ter haben in der Nacht zum Sonntag versucht, in einen Tank- und Rasthof an der Bahnhofstra\u00dfe in Reken einzubrechen. Nach bisherigen Erkenntnissen fuhr ein grauer Porsche, vermutlich Typ Macan, gegen etwa 03.25 Uhr auf das Gel\u00e4nde. Zwei bislang unbekannte M\u00e4nner stiegen aus und begaben sich zum Eingangsbereich des Verkaufsraums. Dort versuchten sie, die elektrische Doppel-Schiebet\u00fcr aus Glas gewaltsam zu \u00f6ffnen. An der T\u00fcr konnten sp\u00e4ter Hebelspuren sowie Besch\u00e4digungen an der Dichtung festgestellt werden. Den T\u00e4tern gelang es jedoch nicht, in das Geb\u00e4ude einzudringen. Sie entfernten sich anschlie\u00dfend in unbekannte Richtung.<\/p>\n\n\n\n<p>Die beiden Personen werden wie folgt beschrieben: Person 1: m\u00e4nnlich, etwa 1,70 bis 1,90 m gro\u00df, schwarzer Schnurrbart, dunkle Kleidung Person 2: m\u00e4nnlich, etwa 1,70 bis 1,90 m gro\u00df, dunkle Kleidung<\/p>\n\n\n\n<p>Die Polizei bittet um Hinweise. Wer im genannten Zeitraum verd\u00e4chtige Beobachtungen im Bereich der Bahnhofstra\u00dfe gemacht hat oder Angaben zu den beschriebenen Personen oder dem Pkw machen kann, wird gebeten, sich bei der Kripo in Borken, Tel. (02861) 9000 zu melden. (pl)<\/p>\n\n\n\n<p><em>Quelle: Presseportal Kreispolizeibeh\u00f6rde Borken<\/em><\/p>\n","protected":false},"excerpt":{"rendered":"<p>09.03.2026 Reken\u00a0(ots). Tatort: Reken, Bahnhofstra\u00dfe; Tatzeit: 08.03.2026, 03.25 Uhr. Unbekannte T\u00e4ter haben in der Nacht zum Sonntag versucht, in einen Tank- und Rasthof an der Bahnhofstra\u00dfe in Reken einzubrechen. Nach bisherigen Erkenntnissen fuhr ein&#46;&#46;&#46;<\/p>\n","protected":false},"author":2,"featured_media":10854,"comment_status":"open","ping_status":"open","sticky":false,"template":"","format":"standard","meta":{"footnotes":""},"categories":[23],"tags":[],"class_list":["post-13555","post","type-post","status-publish","format-standard","has-post-thumbnail","hentry","category-polizei-und-feuerwehr"],"_links":{"self":[{"href":"https:\/\/reken-erleben.de\/index.php?rest_route=\/wp\/v2\/posts\/13555","targetHints":{"allow":["GET"]}}],"collection":[{"href":"https:\/\/reken-erleben.de\/index.php?rest_route=\/wp\/v2\/posts"}],"about":[{"href":"https:\/\/reken-erleben.de\/index.php?rest_route=\/wp\/v2\/types\/post"}],"author":[{"embeddable":true,"href":"https:\/\/reken-erleben.de\/index.php?rest_route=\/wp\/v2\/users\/2"}],"replies":[{"embeddable":true,"href":"https:\/\/reken-erleben.de\/index.php?rest_route=%2Fwp%2Fv2%2Fcomments&post=13555"}],"version-history":[{"count":1,"href":"https:\/\/reken-erleben.de\/index.php?rest_route=\/wp\/v2\/posts\/13555\/revisions"}],"predecessor-version":[{"id":13556,"href":"https:\/\/reken-erleben.de\/index.php?rest_route=\/wp\/v2\/posts\/13555\/revisions\/13556"}],"wp:featuredmedia":[{"embeddable":true,"href":"https:\/\/reken-erleben.de\/index.php?rest_route=\/wp\/v2\/media\/10854"}],"wp:attachment":[{"href":"https:\/\/reken-erleben.de\/index.php?rest_route=%2Fwp%2Fv2%2Fmedia&parent=13555"}],"wp:term":[{"taxonomy":"category","embeddable":true,"href":"https:\/\/reken-erleben.de\/index.php?rest_route=%2Fwp%2Fv2%2Fcategories&post=13555"},{"taxonomy":"post_tag","embeddable":true,"href":"https:\/\/reken-erleben.de\/index.php?rest_route=%2Fwp%2Fv2%2Ftags&post=13555"}],"curies":[{"name":"wp","href":"https:\/\/api.w.org\/{rel}","templated":true}]}}