{"id":13552,"date":"2026-03-09T14:26:18","date_gmt":"2026-03-09T12:26:18","guid":{"rendered":"https:\/\/reken-erleben.de\/?p=13552"},"modified":"2026-03-09T14:26:18","modified_gmt":"2026-03-09T12:26:18","slug":"mitgliederversammlung-bestaetigt-vorstand-zwei-neue-projekte-sollen-die-region-hohe-mark-bereichern","status":"publish","type":"post","link":"https:\/\/reken-erleben.de\/?p=13552","title":{"rendered":"Mitgliederversammlung best\u00e4tigt Vorstand \u2013 Zwei neue Projekte sollen die Region Hohe Mark bereichern"},"content":{"rendered":"\n<p><strong>09.03.2026 Dorsten, D\u00fclmen, Haltern am See, Heiden, Olfen, Raesfeld, Reken<\/strong> (pm).  Die LEADER-Region Hohe Mark startet mit R\u00fcckenwind in den Fr\u00fchling: In der Mitgliederversammlung am 04.03.2026 wurde der bisherige Vorstand erneut best\u00e4tigt. Direkt im Anschluss beschloss die Lokale Aktionsgruppe (LAG) zwei neue Projekte, die das Leben in der Region k\u00fcnftig noch digitaler, inklusiver und lebendiger machen sollen.<\/p>\n\n\n\n<p><strong>Der Vorstand bleibt an Bord<\/strong><\/p>\n\n\n\n<p>Im Mittelpunkt der Mitgliederversammlung stand die turnusm\u00e4\u00dfige Vorstandswahl. Die Mitglieder best\u00e4tigten die bisherige Besetzung einstimmig: Den Vorsitz f\u00fchrt weiterhin Dr. Patrick Vo\u00dfkamp, B\u00fcrgermeister der Gemeinde Heiden. Unterst\u00fctzt wird er von Markus B\u00fcsken vom F\u00f6rderverein Naturpark Hohe Mark e.\u202fV., der erneut das Amt des stellvertretenden Vorsitzenden \u00fcbernimmt. Die Funktion des Kassierers bleibt in den H\u00e4nden von Manuel Deitert, B\u00fcrgermeister der Gemeinde Reken. \u201eIch freue mich sehr, dass sich alle Vorstandsmitglieder erneut zur Wahl gestellt haben. Das ist nicht selbstverst\u00e4ndlich \u2013 und ein deutliches Zeichen f\u00fcr das gro\u00dfe Engagement, das unsere Region ausmacht\u201c, so Andrea Gro\u00dfe-Heidermann, Regionalmanagerin der LEADER-Region Hohe Mark.<\/p>\n\n\n\n<p><strong>Digitale Zukunft gemeinsam gestalten: Urbane Datenplattform f\u00fcr drei Regionen<\/strong><\/p>\n\n\n\n<p><em>Projekttr\u00e4ger: Wirtschaftsf\u00f6rderung Kreis Coesfeld GmbH, voraussichtliche Durchf\u00fchrung: 01.07.2026 &#8211; 30.06.2029, Geplante LEADER-F\u00f6rderung,&nbsp;<u>anteilig<\/u>&nbsp;seitens der LEADER-Region Hohe Mark: rund 47.000 \u20ac<\/em><\/p>\n\n\n\n<p>Mit \u201e<strong>Daten. Nutzen. Machen.<\/strong>\u201c plant die Wirtschaftsf\u00f6rderung Kreis Coesfeld GmbH im Kreis Coesfeld ein Projekt, das kommunale Aufgaben in Teilen der LEADER-Regionen Kleeblatt, Baumberge und Hohe<strong>&nbsp;<\/strong>Mark effizienter steuerbar machen soll. Ziel ist der Aufbau einer interkommunale Urbanen Datenplattform, die verf\u00fcgbare Sensordaten sammelt, b\u00fcndelt und f\u00fcr konkrete Anwendungen nutzbar macht.<\/p>\n\n\n\n<p>Diese Plattform soll unter anderem die technische Grundlage f\u00fcr eine moderne, datenunterst\u00fctzte Kommunalverwaltung schaffen \u2013 etwa in den Bereichen Klima- und Umweltmessung, Energieeffizienz, Mobilit\u00e4t und Daseinsvorsorge.<br>Ein Kern des Projekts ist die Einbindung der bereits vorhandenen Funknetzwerk-Strukturen (\u201eLoRaWAN\u201c), die durch neue Sensorik erg\u00e4nzt werden sollen. So k\u00f6nnten k\u00fcnftig z.&nbsp;B. Umweltwerte in Echtzeit erfasst oder Energieverbr\u00e4uche pr\u00e4ziser ausgewertet werden. Die Region m\u00f6chte damit eine langfristig tragf\u00e4hige gemeinsame digitale Infrastruktur schaffen, die Synergien \u00fcber Gemeindegrenzen hinweg erm\u00f6glicht und einen Schritt in Richtung smarter und vernetzter Regionalentwicklung geht.<\/p>\n\n\n\n<p><strong>Ein Zuhause f\u00fcr Begegnung: \u201eDart Industries\u201c st\u00e4rkt Gemeinschaft und Teilhabe<\/strong><\/p>\n\n\n\n<p><em>Projekttr\u00e4ger: DC Dartona e.\u202fV., voraussichtliche Durchf\u00fchrung: 01.05.2026 &#8211; 28.02.2027, Geplante LEADER-F\u00f6rderung: 250.000 \u20ac<\/em><\/p>\n\n\n\n<p>Im Untergeschoss des ehemaligen Waldgut Frankenhof in Bahnhof Reken soll unter Federf\u00fchrung des Vereins DC Dartona e.\u202fV<strong>.<\/strong>&nbsp;ein neuer Ort der Begegnung entstehen. Mit dem Projekt&nbsp;<strong>\u201eDart Industries \u2013 Inklusiver Begegnungs- und Jugendsporttreff Hohe Mark\u201c<\/strong>&nbsp;m\u00f6chte der Verein einen Raum schaffen, der Sport, Inklusion und Gemeinschaft verbindet. Geplant ist, den Treffpunkt im Stil der industriellen Geschichte des Geb\u00e4udes zu gestalten und mit einer bundesligatauglichen Dartanlage, barrierefreien Zug\u00e4ngen sowie flexibel nutzbaren Bereichen f\u00fcr Gruppen, Vereine und G\u00e4ste auszustatten. Die Idee dahinter: Menschen verschiedener Altersgruppen, mit und ohne Behinderung, sollen sich begegnen, gemeinsam aktiv sein und voneinander lernen k\u00f6nnen. Ziel ist nicht nur die Schaffung eines sportlichen Angebots, sondern ein lebendiger Ort, der Miteinander, Jugendf\u00f6rderung und regionale Gastfreundschaft vereint.<\/p>\n\n\n\n<p><strong>F\u00f6rderaufruf zu Kleinprojekten 2026 l\u00e4uft<\/strong><\/p>\n\n\n\n<p>Abschlie\u00dfend weist die Region Hohe Mark darauf hin, dass&nbsp;<strong>Kleinprojekt-Ideen bis zum 02.04.2026&nbsp;<\/strong>eingereicht werden k\u00f6nnen. Mit einem&nbsp;<strong>F\u00f6rdersatz von bis zu 80 % bei f\u00f6rderf\u00e4higen Gesamtkosten von max. 20.000 \u20ac&nbsp;<\/strong>eignet sich das GAK-F\u00f6rderprogramm besonders f\u00fcr kleinere Vorhaben, die&nbsp;<strong>bis Ende November dieses Jahres<\/strong>&nbsp;abgeschlossen sein m\u00fcssen. Alle Infos zum F\u00f6rderaufruf gibt es unter&nbsp;<a href=\"http:\/\/www.leader-hohe-mark.de\/kleinprojekte-2026\">www.leader-hohe-mark.de\/kleinprojekte-2026<\/a>.&nbsp;<\/p>\n\n\n\n<p>Es wird empfohlen, sich zwecks Kl\u00e4rung der F\u00f6rderm\u00f6glichkeiten vor Einreichung eines F\u00f6rderantrages mit dem Regionalmanagement der LEADER-Region Hohe Mark (c\/o projaegt gmbh), Andrea Gro\u00dfe-Heidermann, in Verbindung zu setzen (02561 917169 \u2013 11 oder per Mail an&nbsp;<a href=\"mailto:regionalmanagement@leader-hohe-mark.de\">regionalmanagement@leader-hohe-mark.de<\/a>).&nbsp;<\/p>\n","protected":false},"excerpt":{"rendered":"<p>09.03.2026 Dorsten, D\u00fclmen, Haltern am See, Heiden, Olfen, Raesfeld, Reken (pm). Die LEADER-Region Hohe Mark startet mit R\u00fcckenwind in den Fr\u00fchling: In der Mitgliederversammlung am 04.03.2026 wurde der bisherige Vorstand erneut best\u00e4tigt. Direkt im&#46;&#46;&#46;<\/p>\n","protected":false},"author":2,"featured_media":13553,"comment_status":"open","ping_status":"open","sticky":false,"template":"","format":"standard","meta":{"footnotes":""},"categories":[4],"tags":[],"class_list":["post-13552","post","type-post","status-publish","format-standard","has-post-thumbnail","hentry","category-aktuelles"],"_links":{"self":[{"href":"https:\/\/reken-erleben.de\/index.php?rest_route=\/wp\/v2\/posts\/13552","targetHints":{"allow":["GET"]}}],"collection":[{"href":"https:\/\/reken-erleben.de\/index.php?rest_route=\/wp\/v2\/posts"}],"about":[{"href":"https:\/\/reken-erleben.de\/index.php?rest_route=\/wp\/v2\/types\/post"}],"author":[{"embeddable":true,"href":"https:\/\/reken-erleben.de\/index.php?rest_route=\/wp\/v2\/users\/2"}],"replies":[{"embeddable":true,"href":"https:\/\/reken-erleben.de\/index.php?rest_route=%2Fwp%2Fv2%2Fcomments&post=13552"}],"version-history":[{"count":1,"href":"https:\/\/reken-erleben.de\/index.php?rest_route=\/wp\/v2\/posts\/13552\/revisions"}],"predecessor-version":[{"id":13554,"href":"https:\/\/reken-erleben.de\/index.php?rest_route=\/wp\/v2\/posts\/13552\/revisions\/13554"}],"wp:featuredmedia":[{"embeddable":true,"href":"https:\/\/reken-erleben.de\/index.php?rest_route=\/wp\/v2\/media\/13553"}],"wp:attachment":[{"href":"https:\/\/reken-erleben.de\/index.php?rest_route=%2Fwp%2Fv2%2Fmedia&parent=13552"}],"wp:term":[{"taxonomy":"category","embeddable":true,"href":"https:\/\/reken-erleben.de\/index.php?rest_route=%2Fwp%2Fv2%2Fcategories&post=13552"},{"taxonomy":"post_tag","embeddable":true,"href":"https:\/\/reken-erleben.de\/index.php?rest_route=%2Fwp%2Fv2%2Ftags&post=13552"}],"curies":[{"name":"wp","href":"https:\/\/api.w.org\/{rel}","templated":true}]}}